{"id":876,"date":"2025-07-24T23:13:16","date_gmt":"2025-07-25T02:13:16","guid":{"rendered":"https:\/\/pontocomletra.nossopapel.org.br\/?p=876"},"modified":"2025-07-25T08:38:02","modified_gmt":"2025-07-25T11:38:02","slug":"fora-de-obita-luiz-otavio-oliani","status":"publish","type":"post","link":"https:\/\/pontocomletra.nossopapel.org.br\/?p=876","title":{"rendered":"FORA DE \u00d3RBITA- Luiz Ot\u00e1vio Oliani"},"content":{"rendered":"\n<p>   Estamos diante de um livro maduro, que sugere profunda reflex\u00e3o. Necess\u00e1rio se faz, pois, sairmos da \u201c\u00f3rbita\u201d que nos imp\u00f5e o \u201cconfinamento\u201d e nos \u201cimpede a vista da liberdade\u201d. Nada de versos rom\u00e2nticos, melosos. Olhos atentos para o que est\u00e1 ao redor. Indigna\u00e7\u00e3o. Uma possibilidade de atravessar o tempo. Tempo-hoje, cotidiano, que est\u00e1 sempre correndo, inconformado. Tempo que transita no ir e vir, onisciente. Tempo que limita o ser humano entre o nascer e a morte. Vida que \u201cpulsa em hiatos\u201d. Morte que \u201cn\u00e3o \u00e9 dalt\u00f4nica\u201d. Cren\u00e7a na eternidade, que tem como \u201cpassaporte\u201d o verso. \u201cVerso a burilar os homens\u201d. Verso-soco-no-est\u00f4mago. Verso-arte. Arte que aproxima o artista de Deus, por participar \u201cainda mais claramente do Poder Criador do Pai\u201d, como disse Dom H\u00e9lder C\u00e2mara, em \u201cO deserto \u00e9 f\u00e9rtil\u201d. Mas se o poeta est\u00e1 sentado \u00e0 \u201csombra de Deus\u201d, seria mesmo, para o autor, uma \u201cin\u00fatil tentativa de ser Deus por um minuto\u201d?<br>Luiz Ot\u00e1vio Oliani faz sua \u201coferta de palavras e n\u00e3o de peixes\u201d. Impregnadas de poiesis, fortes e concisas, as palavras saltam dos versos, sacudindo o leitor: \u201ca eternidade tem pressa enquanto o homem nunca sabe esperar\u201d, mas \u201cquem se indigna diante de quem sangra?\u201d, \u201ccarpe diem enquanto h\u00e1 tempo, os coveiros nem se importam em repetir o seu of\u00edcio\u201d. At\u00e9 a sensualidade tem \u201cef\u00eamero prazer fundido em pedra\u201d. Mas \u00e9 \u201ctarefa dif\u00edcil desfazer a m\u00f3 de pedra\u201d.<br>A poesia deve ser \u201calinhavo\u201d, sem pontos definitivos, pronta para novas costuras interpretativas. Assim, \u201cFora de \u00f3rbita\u201d, convida a uma viagem em torno da palavra, percorrendo o universo de signos e significados. Uma obra rica, digna de atravessar os pr\u00f3ximos s\u00e9culos.<\/p>\n\n\n\n<p>Teresa Drummond<br>Orelha a \u201cFora de \u00f3rbita\u201d, Editora da Palavra, Rio de Janeiro, 2007.<\/p>\n\n\n\n<p>LUIZ OT\u00c1VIO OLIANI cursou Letras e Direito. \u00c9 professor e escritor. Publicou 23 livros, sendo 10 de poemas, 5 de contos, 3 pe\u00e7as de teatro, 3 infantis, 1 livro de cr\u00f4nica e 1 livro de cr\u00edtica liter\u00e1ria e ensaios. Participa de mais de 400 livros coletivos. Consta em mais de 700 jornais, revistas, alternativos. Em 2017, a convite de Mariza Sorriso, representou o Brasil no IV EPLP (Encontro de Poetas da L\u00edngua Portuguesa) em Lisboa. Recebeu o t\u00edtulo de \u201cMelhor Autor Apperjiano 2019\u201d, em reconhecimento no conjunto da obra em verso, prosa e drama. Desde 2020, \u00e9 o Diretor de Comunica\u00e7\u00e3o Social da APPERJ (Associa\u00e7\u00e3o Profissional de Poetas no Estado do Rio de Janeiro). Foi citado como poeta contempor\u00e2neo no livro Hist\u00f3ria da literatura brasileira: Da carta de Caminha aos contempor\u00e2neos, Carlos Nejar, 4\u00aa edi\u00e7\u00e3o, revista e ampliada, S\u00e3o Paulo, Noeses, 2022. Em 26 de novembro de 2024, a Academia Luso-Brasileira de Letras instituiu o Pr\u00eamio Luiz Ot\u00e1vio Oliani na categoria Minicontos, sendo o concurso anual a partir dessa data. Recebeu mais de 100 pr\u00eamios liter\u00e1rios. Possui textos traduzidos para ingl\u00eas, franc\u00eas, italiano, alem\u00e3o, espanhol, holand\u00eas, romeno e chin\u00eas.<\/p>\n\n\n\n<p><\/p>\n","protected":false},"excerpt":{"rendered":"<p>Estamos diante de um livro maduro, que sugere profunda reflex\u00e3o. Necess\u00e1rio se faz, pois, sairmos da \u201c\u00f3rbita\u201d que nos imp\u00f5e<\/p>\n","protected":false},"author":2,"featured_media":877,"comment_status":"open","ping_status":"open","sticky":false,"template":"","format":"standard","meta":{"colormag_page_layout":"default_layout","_editorskit_title_hidden":false,"_editorskit_reading_time":0,"_editorskit_is_block_options_detached":false,"_editorskit_block_options_position":"{}","footnotes":""},"categories":[1],"tags":[],"class_list":["post-876","post","type-post","status-publish","format-standard","has-post-thumbnail","hentry","category-sem-categoria"],"_links":{"self":[{"href":"https:\/\/pontocomletra.nossopapel.org.br\/index.php?rest_route=\/wp\/v2\/posts\/876","targetHints":{"allow":["GET"]}}],"collection":[{"href":"https:\/\/pontocomletra.nossopapel.org.br\/index.php?rest_route=\/wp\/v2\/posts"}],"about":[{"href":"https:\/\/pontocomletra.nossopapel.org.br\/index.php?rest_route=\/wp\/v2\/types\/post"}],"author":[{"embeddable":true,"href":"https:\/\/pontocomletra.nossopapel.org.br\/index.php?rest_route=\/wp\/v2\/users\/2"}],"replies":[{"embeddable":true,"href":"https:\/\/pontocomletra.nossopapel.org.br\/index.php?rest_route=%2Fwp%2Fv2%2Fcomments&post=876"}],"version-history":[{"count":2,"href":"https:\/\/pontocomletra.nossopapel.org.br\/index.php?rest_route=\/wp\/v2\/posts\/876\/revisions"}],"predecessor-version":[{"id":898,"href":"https:\/\/pontocomletra.nossopapel.org.br\/index.php?rest_route=\/wp\/v2\/posts\/876\/revisions\/898"}],"wp:featuredmedia":[{"embeddable":true,"href":"https:\/\/pontocomletra.nossopapel.org.br\/index.php?rest_route=\/wp\/v2\/media\/877"}],"wp:attachment":[{"href":"https:\/\/pontocomletra.nossopapel.org.br\/index.php?rest_route=%2Fwp%2Fv2%2Fmedia&parent=876"}],"wp:term":[{"taxonomy":"category","embeddable":true,"href":"https:\/\/pontocomletra.nossopapel.org.br\/index.php?rest_route=%2Fwp%2Fv2%2Fcategories&post=876"},{"taxonomy":"post_tag","embeddable":true,"href":"https:\/\/pontocomletra.nossopapel.org.br\/index.php?rest_route=%2Fwp%2Fv2%2Ftags&post=876"}],"curies":[{"name":"wp","href":"https:\/\/api.w.org\/{rel}","templated":true}]}}