{"id":707,"date":"2025-06-30T06:23:50","date_gmt":"2025-06-30T09:23:50","guid":{"rendered":"https:\/\/pontocomletra.nossopapel.org.br\/?p=707"},"modified":"2025-06-30T06:26:44","modified_gmt":"2025-06-30T09:26:44","slug":"coversa-com-a-natureza-jucara-valverde","status":"publish","type":"post","link":"https:\/\/pontocomletra.nossopapel.org.br\/?p=707","title":{"rendered":"COVERSA COM A NATUREZA &#8211; Ju\u00e7ara Valverde"},"content":{"rendered":"\n<p>Inf\u00e2ncia entre jardins,<br>lembran\u00e7as perfumadas,<br>trazidas pelo verde-natureza<br>das paisagens de Paquet\u00e1.<\/p>\n\n\n\n<p>Vislumbro o Baob\u00e1,<br>que n\u00e3o consigo abra\u00e7ar,<br>o fato \u00e9 dif\u00edcil de enquadrar.<br>Persist\u00eancia e resist\u00eancia.<\/p>\n\n\n\n<p>\u00c9 a obstina\u00e7\u00e3o da natureza,<br>que o tempo deixou para ficar.<br>Encheu minha vida vazia,<br>esta tarde de paz e harmonia,<\/p>\n\n\n\n<p>Passado chegando ao presente,<br>em que a m\u00e3e-natureza,<br>acalmou minha alma<br>ao deslumbrar meu olhar.<\/p>\n\n\n\n<p>Ju\u00e7ara Valverde<\/p>\n\n\n\n<p><\/p>\n","protected":false},"excerpt":{"rendered":"<p>Inf\u00e2ncia entre jardins,lembran\u00e7as perfumadas,trazidas pelo verde-naturezadas paisagens de Paquet\u00e1. Vislumbro o Baob\u00e1,que n\u00e3o consigo abra\u00e7ar,o fato \u00e9 dif\u00edcil de enquadrar.Persist\u00eancia<\/p>\n","protected":false},"author":2,"featured_media":708,"comment_status":"open","ping_status":"open","sticky":false,"template":"","format":"standard","meta":{"colormag_page_layout":"default_layout","_editorskit_title_hidden":false,"_editorskit_reading_time":0,"_editorskit_is_block_options_detached":false,"_editorskit_block_options_position":"{}","footnotes":""},"categories":[1],"tags":[],"class_list":["post-707","post","type-post","status-publish","format-standard","has-post-thumbnail","hentry","category-sem-categoria"],"_links":{"self":[{"href":"https:\/\/pontocomletra.nossopapel.org.br\/index.php?rest_route=\/wp\/v2\/posts\/707","targetHints":{"allow":["GET"]}}],"collection":[{"href":"https:\/\/pontocomletra.nossopapel.org.br\/index.php?rest_route=\/wp\/v2\/posts"}],"about":[{"href":"https:\/\/pontocomletra.nossopapel.org.br\/index.php?rest_route=\/wp\/v2\/types\/post"}],"author":[{"embeddable":true,"href":"https:\/\/pontocomletra.nossopapel.org.br\/index.php?rest_route=\/wp\/v2\/users\/2"}],"replies":[{"embeddable":true,"href":"https:\/\/pontocomletra.nossopapel.org.br\/index.php?rest_route=%2Fwp%2Fv2%2Fcomments&post=707"}],"version-history":[{"count":1,"href":"https:\/\/pontocomletra.nossopapel.org.br\/index.php?rest_route=\/wp\/v2\/posts\/707\/revisions"}],"predecessor-version":[{"id":709,"href":"https:\/\/pontocomletra.nossopapel.org.br\/index.php?rest_route=\/wp\/v2\/posts\/707\/revisions\/709"}],"wp:featuredmedia":[{"embeddable":true,"href":"https:\/\/pontocomletra.nossopapel.org.br\/index.php?rest_route=\/wp\/v2\/media\/708"}],"wp:attachment":[{"href":"https:\/\/pontocomletra.nossopapel.org.br\/index.php?rest_route=%2Fwp%2Fv2%2Fmedia&parent=707"}],"wp:term":[{"taxonomy":"category","embeddable":true,"href":"https:\/\/pontocomletra.nossopapel.org.br\/index.php?rest_route=%2Fwp%2Fv2%2Fcategories&post=707"},{"taxonomy":"post_tag","embeddable":true,"href":"https:\/\/pontocomletra.nossopapel.org.br\/index.php?rest_route=%2Fwp%2Fv2%2Ftags&post=707"}],"curies":[{"name":"wp","href":"https:\/\/api.w.org\/{rel}","templated":true}]}}