{"id":703,"date":"2025-06-30T05:50:11","date_gmt":"2025-06-30T08:50:11","guid":{"rendered":"https:\/\/pontocomletra.nossopapel.org.br\/?p=703"},"modified":"2025-07-01T18:29:37","modified_gmt":"2025-07-01T21:29:37","slug":"aganan-sergio-geronimo-khaled-delgado","status":"publish","type":"post","link":"https:\/\/pontocomletra.nossopapel.org.br\/?p=703","title":{"rendered":"AGAMAN &#8211; S\u00e9rgio Ger\u00f4nimo &amp; Khaled Delgado"},"content":{"rendered":"\n<p>  AGAMAN, S\u00e9rgio Ger\u00f4nimo &amp; Khaled Delgado<br>Oficina Editores\/Rio de Janeiro, 2017<\/p>\n\n\n\n<p>  Cariocas, Pai no texto, filho nas ilustra\u00e7\u00f5es.<\/p>\n\n\n\n<p>Agaman. Achei muito criativo. \u00c9 interessante um monstro discoteca, mas eu sei que os autores estavam nos anos 80, por causa dos recursos dos her\u00f3is. O monstro preferido para mim \u00e9 o TRONCOR, porque um tronco qualquer virou vil\u00e3o da hist\u00f3ria. Sucesso para os autores! Achei o livro legal, pois \u00e9 uma obra de pai e filho.<br>Bruno luz (neto da escritora Celi Luz)<\/p>\n","protected":false},"excerpt":{"rendered":"<p>AGAMAN, S\u00e9rgio Ger\u00f4nimo &amp; Khaled DelgadoOficina Editores\/Rio de Janeiro, 2017 Cariocas, Pai no texto, filho nas ilustra\u00e7\u00f5es. Agaman. Achei muito<\/p>\n","protected":false},"author":2,"featured_media":704,"comment_status":"open","ping_status":"open","sticky":false,"template":"","format":"standard","meta":{"colormag_page_layout":"default_layout","_editorskit_title_hidden":false,"_editorskit_reading_time":0,"_editorskit_is_block_options_detached":false,"_editorskit_block_options_position":"{}","footnotes":""},"categories":[1],"tags":[],"class_list":["post-703","post","type-post","status-publish","format-standard","has-post-thumbnail","hentry","category-sem-categoria"],"_links":{"self":[{"href":"https:\/\/pontocomletra.nossopapel.org.br\/index.php?rest_route=\/wp\/v2\/posts\/703","targetHints":{"allow":["GET"]}}],"collection":[{"href":"https:\/\/pontocomletra.nossopapel.org.br\/index.php?rest_route=\/wp\/v2\/posts"}],"about":[{"href":"https:\/\/pontocomletra.nossopapel.org.br\/index.php?rest_route=\/wp\/v2\/types\/post"}],"author":[{"embeddable":true,"href":"https:\/\/pontocomletra.nossopapel.org.br\/index.php?rest_route=\/wp\/v2\/users\/2"}],"replies":[{"embeddable":true,"href":"https:\/\/pontocomletra.nossopapel.org.br\/index.php?rest_route=%2Fwp%2Fv2%2Fcomments&post=703"}],"version-history":[{"count":3,"href":"https:\/\/pontocomletra.nossopapel.org.br\/index.php?rest_route=\/wp\/v2\/posts\/703\/revisions"}],"predecessor-version":[{"id":752,"href":"https:\/\/pontocomletra.nossopapel.org.br\/index.php?rest_route=\/wp\/v2\/posts\/703\/revisions\/752"}],"wp:featuredmedia":[{"embeddable":true,"href":"https:\/\/pontocomletra.nossopapel.org.br\/index.php?rest_route=\/wp\/v2\/media\/704"}],"wp:attachment":[{"href":"https:\/\/pontocomletra.nossopapel.org.br\/index.php?rest_route=%2Fwp%2Fv2%2Fmedia&parent=703"}],"wp:term":[{"taxonomy":"category","embeddable":true,"href":"https:\/\/pontocomletra.nossopapel.org.br\/index.php?rest_route=%2Fwp%2Fv2%2Fcategories&post=703"},{"taxonomy":"post_tag","embeddable":true,"href":"https:\/\/pontocomletra.nossopapel.org.br\/index.php?rest_route=%2Fwp%2Fv2%2Ftags&post=703"}],"curies":[{"name":"wp","href":"https:\/\/api.w.org\/{rel}","templated":true}]}}