{"id":674,"date":"2025-06-26T23:09:08","date_gmt":"2025-06-27T02:09:08","guid":{"rendered":"https:\/\/pontocomletra.nossopapel.org.br\/?p=674"},"modified":"2025-06-26T23:10:21","modified_gmt":"2025-06-27T02:10:21","slug":"paqueta-angela-maria-carrocino","status":"publish","type":"post","link":"https:\/\/pontocomletra.nossopapel.org.br\/?p=674","title":{"rendered":"PAQUET\u00c1 &#8211; \u00c2ngela Maria Carrocino"},"content":{"rendered":"\n<p>Paquet\u00e1 me remete a inf\u00e2ncia<br>N\u00e3o s\u00f3 pelas lembran\u00e7as<br>Dos piqueniques familiares de ent\u00e3o<br>Mas principalmente pela alma de hoje,<br>Nesse mundo em turbilh\u00e3o\u2026<br>Onde mais se pode ver<br>Crian\u00e7as nas ruas a brincar?<br>N\u00e3o h\u00e1 medo de carros,<br>Porque carros n\u00e3o h\u00e1!<br>As \u00e1guas, calmas e serenas,<br>Impedem o medo do mar.<\/p>\n\n\n\n<p>\u00c2ngela Maria Carrocino<\/p>\n","protected":false},"excerpt":{"rendered":"<p>Paquet\u00e1 me remete a inf\u00e2nciaN\u00e3o s\u00f3 pelas lembran\u00e7asDos piqueniques familiares de ent\u00e3oMas principalmente pela alma de hoje,Nesse mundo em turbilh\u00e3o\u2026Onde<\/p>\n","protected":false},"author":2,"featured_media":664,"comment_status":"open","ping_status":"open","sticky":false,"template":"","format":"standard","meta":{"colormag_page_layout":"default_layout","_editorskit_title_hidden":false,"_editorskit_reading_time":0,"_editorskit_is_block_options_detached":false,"_editorskit_block_options_position":"{}","footnotes":""},"categories":[1],"tags":[],"class_list":["post-674","post","type-post","status-publish","format-standard","has-post-thumbnail","hentry","category-sem-categoria"],"_links":{"self":[{"href":"https:\/\/pontocomletra.nossopapel.org.br\/index.php?rest_route=\/wp\/v2\/posts\/674","targetHints":{"allow":["GET"]}}],"collection":[{"href":"https:\/\/pontocomletra.nossopapel.org.br\/index.php?rest_route=\/wp\/v2\/posts"}],"about":[{"href":"https:\/\/pontocomletra.nossopapel.org.br\/index.php?rest_route=\/wp\/v2\/types\/post"}],"author":[{"embeddable":true,"href":"https:\/\/pontocomletra.nossopapel.org.br\/index.php?rest_route=\/wp\/v2\/users\/2"}],"replies":[{"embeddable":true,"href":"https:\/\/pontocomletra.nossopapel.org.br\/index.php?rest_route=%2Fwp%2Fv2%2Fcomments&post=674"}],"version-history":[{"count":1,"href":"https:\/\/pontocomletra.nossopapel.org.br\/index.php?rest_route=\/wp\/v2\/posts\/674\/revisions"}],"predecessor-version":[{"id":675,"href":"https:\/\/pontocomletra.nossopapel.org.br\/index.php?rest_route=\/wp\/v2\/posts\/674\/revisions\/675"}],"wp:featuredmedia":[{"embeddable":true,"href":"https:\/\/pontocomletra.nossopapel.org.br\/index.php?rest_route=\/wp\/v2\/media\/664"}],"wp:attachment":[{"href":"https:\/\/pontocomletra.nossopapel.org.br\/index.php?rest_route=%2Fwp%2Fv2%2Fmedia&parent=674"}],"wp:term":[{"taxonomy":"category","embeddable":true,"href":"https:\/\/pontocomletra.nossopapel.org.br\/index.php?rest_route=%2Fwp%2Fv2%2Fcategories&post=674"},{"taxonomy":"post_tag","embeddable":true,"href":"https:\/\/pontocomletra.nossopapel.org.br\/index.php?rest_route=%2Fwp%2Fv2%2Ftags&post=674"}],"curies":[{"name":"wp","href":"https:\/\/api.w.org\/{rel}","templated":true}]}}