{"id":669,"date":"2025-06-26T23:02:10","date_gmt":"2025-06-27T02:02:10","guid":{"rendered":"https:\/\/pontocomletra.nossopapel.org.br\/?p=669"},"modified":"2025-06-26T23:12:47","modified_gmt":"2025-06-27T02:12:47","slug":"baoba-paqueta-alexandre-acampora","status":"publish","type":"post","link":"https:\/\/pontocomletra.nossopapel.org.br\/?p=669","title":{"rendered":"BAOB\u00c1 PAQUET\u00c1 &#8211; Alexandre Acampora"},"content":{"rendered":"\n<p>Baob\u00e1 b\u00e1 Paquet\u00e1<br>T\u00e1 Paquet\u00e1 B\u00e1 Baob\u00e1<br>Beijei o Baob\u00e1<br>Nas lonjuras de minha inf\u00e2ncia<br>Baobei beijei o Baob\u00e1<br>Naquela noite n\u00e3o dormi<br>Lembrando beijo Baob\u00e1<\/p>\n\n\n\n<p>De pouco detalhes recordava<br>Joaquim Manuel de Macedo<br>Moreninhas morenar.<br>Foi quando vislumbrei o Baob\u00e1<br>Tomando de instant\u00e2neo arrepio<br>Abracei meu amigo<br>Renovei meu carinho<br>Senti toda a vida girar<br>Paquet\u00e1 b\u00e1 Baob\u00e1<br>Baobando<br>B\u00e1 beleza brilho no mar<br>B\u00e1 Baob\u00e1<br>Baobei<br>Beijei o Baob\u00e1.<\/p>\n\n\n\n<p>Alexandre Acampora<\/p>\n","protected":false},"excerpt":{"rendered":"<p>Baob\u00e1 b\u00e1 Paquet\u00e1T\u00e1 Paquet\u00e1 B\u00e1 Baob\u00e1Beijei o Baob\u00e1Nas lonjuras de minha inf\u00e2nciaBaobei beijei o Baob\u00e1Naquela noite n\u00e3o dormiLembrando beijo Baob\u00e1<\/p>\n","protected":false},"author":2,"featured_media":666,"comment_status":"open","ping_status":"open","sticky":false,"template":"","format":"standard","meta":{"colormag_page_layout":"default_layout","_editorskit_title_hidden":false,"_editorskit_reading_time":0,"_editorskit_is_block_options_detached":false,"_editorskit_block_options_position":"{}","footnotes":""},"categories":[1],"tags":[],"class_list":["post-669","post","type-post","status-publish","format-standard","has-post-thumbnail","hentry","category-sem-categoria"],"_links":{"self":[{"href":"https:\/\/pontocomletra.nossopapel.org.br\/index.php?rest_route=\/wp\/v2\/posts\/669","targetHints":{"allow":["GET"]}}],"collection":[{"href":"https:\/\/pontocomletra.nossopapel.org.br\/index.php?rest_route=\/wp\/v2\/posts"}],"about":[{"href":"https:\/\/pontocomletra.nossopapel.org.br\/index.php?rest_route=\/wp\/v2\/types\/post"}],"author":[{"embeddable":true,"href":"https:\/\/pontocomletra.nossopapel.org.br\/index.php?rest_route=\/wp\/v2\/users\/2"}],"replies":[{"embeddable":true,"href":"https:\/\/pontocomletra.nossopapel.org.br\/index.php?rest_route=%2Fwp%2Fv2%2Fcomments&post=669"}],"version-history":[{"count":2,"href":"https:\/\/pontocomletra.nossopapel.org.br\/index.php?rest_route=\/wp\/v2\/posts\/669\/revisions"}],"predecessor-version":[{"id":677,"href":"https:\/\/pontocomletra.nossopapel.org.br\/index.php?rest_route=\/wp\/v2\/posts\/669\/revisions\/677"}],"wp:featuredmedia":[{"embeddable":true,"href":"https:\/\/pontocomletra.nossopapel.org.br\/index.php?rest_route=\/wp\/v2\/media\/666"}],"wp:attachment":[{"href":"https:\/\/pontocomletra.nossopapel.org.br\/index.php?rest_route=%2Fwp%2Fv2%2Fmedia&parent=669"}],"wp:term":[{"taxonomy":"category","embeddable":true,"href":"https:\/\/pontocomletra.nossopapel.org.br\/index.php?rest_route=%2Fwp%2Fv2%2Fcategories&post=669"},{"taxonomy":"post_tag","embeddable":true,"href":"https:\/\/pontocomletra.nossopapel.org.br\/index.php?rest_route=%2Fwp%2Fv2%2Ftags&post=669"}],"curies":[{"name":"wp","href":"https:\/\/api.w.org\/{rel}","templated":true}]}}