{"id":585,"date":"2025-06-20T10:22:04","date_gmt":"2025-06-20T13:22:04","guid":{"rendered":"https:\/\/pontocomletra.nossopapel.org.br\/?p=585"},"modified":"2025-06-20T10:22:06","modified_gmt":"2025-06-20T13:22:06","slug":"instituto-aupaba","status":"publish","type":"post","link":"https:\/\/pontocomletra.nossopapel.org.br\/?p=585","title":{"rendered":"Instituto Aupaba"},"content":{"rendered":"\n<p><\/p>\n\n\n\n<p><br>O Instituto Aupaba (do Tupi-guarani \u201cterra de origem\u201d) \u00e9 uma organiza\u00e7\u00e3o n\u00e3o governamental e sem fins lucrativos que nasce em 2023 como um hub de projetos dedicados a a\u00e7\u00f5es e iniciativas de impacto voltadas para o aprimoramento social, ambiental e cultural do territ\u00f3rio. De maneira criativa, inovadora e enxuta, desenvolve projetos e oferece expertise na elabora\u00e7\u00e3o e execu\u00e7\u00e3o de programas ambientais, culturais e educacionais que visem apoiar o desenvolvimento local onde o turismo pode ser um instrumento de transforma\u00e7\u00e3o social e econ\u00f4mica. Sob a presid\u00eancia de Luciana De Lamare, cofundadora e profissional com mais de 20 anos de experi\u00eancia no setor de turismo, o Instituto Aupaba destaca-se por sua governan\u00e7a transparente, id\u00f4nea e din\u00e2mica. Seu Conselho Estrat\u00e9gico \u00e9 composto por 40 membros e l\u00edderes nas \u00e1reas ambientais, de cultura, turismo e ci\u00eancia pol\u00edtica, refletindo a pluralidade e o compromisso do Instituto com a inclus\u00e3o. Conhe\u00e7a mais as atividades nos canais no Instagram, X, LinkedIn e YouTube.<\/p>\n\n\n\n<p><\/p>\n\n\n\n<figure class=\"wp-block-image size-full\"><img loading=\"lazy\" decoding=\"async\" width=\"886\" height=\"498\" src=\"https:\/\/pontocomletra.nossopapel.org.br\/wp-content\/uploads\/2025\/06\/WhatsApp-Image-2025-06-20-at-10.12.57.jpeg\" alt=\"\" class=\"wp-image-580\" srcset=\"https:\/\/pontocomletra.nossopapel.org.br\/wp-content\/uploads\/2025\/06\/WhatsApp-Image-2025-06-20-at-10.12.57.jpeg 886w, https:\/\/pontocomletra.nossopapel.org.br\/wp-content\/uploads\/2025\/06\/WhatsApp-Image-2025-06-20-at-10.12.57-300x169.jpeg 300w, https:\/\/pontocomletra.nossopapel.org.br\/wp-content\/uploads\/2025\/06\/WhatsApp-Image-2025-06-20-at-10.12.57-768x432.jpeg 768w\" sizes=\"auto, (max-width: 886px) 100vw, 886px\" \/><\/figure>\n\n\n\n<p><strong>Este projeto busca reaproximar as novas gera\u00e7\u00f5es dos mitos e lendas do folclore nacional, valorizando a tradi\u00e7\u00e3o oral e os s\u00edmbolos que fazem parte da alma do Brasil.<br><br>Reconectar nossas crian\u00e7as com essas narrativas n\u00e3o \u00e9 apenas resgatar o passado, mas tamb\u00e9m fortalecer o entendimento de quem somos e do mundo que nos rodeia!<\/strong><\/p>\n\n\n\n<figure class=\"wp-block-image size-full\"><img loading=\"lazy\" decoding=\"async\" width=\"297\" height=\"170\" src=\"http:\/\/pontocomletra.nossopapel.org.br\/wp-content\/uploads\/2025\/06\/WhatsApp-Image-2025-06-20-at-09.57.32-1.jpeg\" alt=\"\" class=\"wp-image-577\"\/><\/figure>\n\n\n\n<p>\u201cA Inf\u00e2ncia do Saci\u201d reimagina os primeiros anos de um dos personagens folcl\u00f3ricos mais ic\u00f4nicos do Brasil<\/p>\n\n\n\n<p><br>Voc\u00ea sabia que dia 31 de outubro, quando se comemora o americano halloween, \u00e9&nbsp;<strong>dia do Saci-Perer\u00ea<\/strong>, um dos personagens folcl\u00f3ricos mais ic\u00f4nicos do Brasil? Para celebrar a data e valorizar nossas tradi\u00e7\u00f5es e cultura, o&nbsp;<a href=\"https:\/\/institutoaupaba.org\/\" target=\"_blank\" rel=\"noreferrer noopener\">Instituto Aupaba<\/a>&nbsp;programou uma semana especial no Rio de Janeiro, com conta\u00e7\u00e3o de hist\u00f3ria e doa\u00e7\u00e3o do livro infantil A Inf\u00e2ncia do Saci.<\/p>\n\n\n\n<p>Escrito por Luciana De Lamare, CEO e cofundadora do Instituto Aupaba, e com ilustra\u00e7\u00f5es de Caio Costa Rodrigues, a Inf\u00e2ncia do Saci reimagina os primeiros anos de um dos personagens folcl\u00f3ricos mais ic\u00f4nicos do Brasil, o Saci-Perer\u00ea, e parte do valor da venda do livro ser\u00e1 destinado aos projetos do instituto, organiza\u00e7\u00e3o sem fins lucrativos que se dedica a promover a\u00e7\u00f5es e projetos voltados para o desenvolvimento territorial.<\/p>\n\n\n\n<p>\u201cMeu objetivo foi criar para o Saci uma hist\u00f3ria de origem cativante, retratando-o como uma crian\u00e7a que enfrentou desafios e os superou. A Inf\u00e2ncia do Saci responde a d\u00favidas que todos j\u00e1 tivemos sobre ele, ao mesmo tempo que demonstra suas qualidades e talentos, despertando afeto e curiosidade\u201d, explica Luciana.<\/p>\n\n\n\n<p>A obra ainda transmite valores importantes, como respeito e liberdade e as mensagens est\u00e3o inseridas de forma natural na narrativa, promovendo inclus\u00e3o e representatividade e favorecendo a reflex\u00e3o.<\/p>\n\n\n\n<p>Contato: <a href=\"institutoaupaba@gmail.com\" data-type=\"link\" data-id=\"institutoaupaba@gmail.com\">institutoaupaba@gmail.com<\/a><\/p>\n\n\n\n<figure class=\"wp-block-gallery has-nested-images columns-default is-cropped wp-block-gallery-1 is-layout-flex wp-block-gallery-is-layout-flex\">\n<figure class=\"wp-block-image size-large\"><img loading=\"lazy\" decoding=\"async\" width=\"378\" height=\"811\" data-id=\"578\" src=\"https:\/\/pontocomletra.nossopapel.org.br\/wp-content\/uploads\/2025\/06\/WhatsApp-Image-2025-06-20-at-09.57.32.jpeg\" alt=\"\" class=\"wp-image-578\" srcset=\"https:\/\/pontocomletra.nossopapel.org.br\/wp-content\/uploads\/2025\/06\/WhatsApp-Image-2025-06-20-at-09.57.32.jpeg 378w, https:\/\/pontocomletra.nossopapel.org.br\/wp-content\/uploads\/2025\/06\/WhatsApp-Image-2025-06-20-at-09.57.32-140x300.jpeg 140w\" sizes=\"auto, (max-width: 378px) 100vw, 378px\" \/><\/figure>\n\n\n\n<figure class=\"wp-block-image size-large\"><img loading=\"lazy\" decoding=\"async\" width=\"284\" height=\"177\" data-id=\"576\" src=\"https:\/\/pontocomletra.nossopapel.org.br\/wp-content\/uploads\/2025\/06\/WhatsApp-Image-2025-06-20-at-09.57.33.jpeg\" alt=\"\" class=\"wp-image-576\"\/><\/figure>\n<\/figure>\n","protected":false},"excerpt":{"rendered":"<p>O Instituto Aupaba (do Tupi-guarani \u201cterra de origem\u201d) \u00e9 uma organiza\u00e7\u00e3o n\u00e3o governamental e sem fins lucrativos que nasce em<\/p>\n","protected":false},"author":2,"featured_media":579,"comment_status":"open","ping_status":"open","sticky":false,"template":"","format":"standard","meta":{"colormag_page_layout":"default_layout","_editorskit_title_hidden":false,"_editorskit_reading_time":0,"_editorskit_is_block_options_detached":false,"_editorskit_block_options_position":"{}","footnotes":""},"categories":[1],"tags":[],"class_list":["post-585","post","type-post","status-publish","format-standard","has-post-thumbnail","hentry","category-sem-categoria"],"_links":{"self":[{"href":"https:\/\/pontocomletra.nossopapel.org.br\/index.php?rest_route=\/wp\/v2\/posts\/585","targetHints":{"allow":["GET"]}}],"collection":[{"href":"https:\/\/pontocomletra.nossopapel.org.br\/index.php?rest_route=\/wp\/v2\/posts"}],"about":[{"href":"https:\/\/pontocomletra.nossopapel.org.br\/index.php?rest_route=\/wp\/v2\/types\/post"}],"author":[{"embeddable":true,"href":"https:\/\/pontocomletra.nossopapel.org.br\/index.php?rest_route=\/wp\/v2\/users\/2"}],"replies":[{"embeddable":true,"href":"https:\/\/pontocomletra.nossopapel.org.br\/index.php?rest_route=%2Fwp%2Fv2%2Fcomments&post=585"}],"version-history":[{"count":1,"href":"https:\/\/pontocomletra.nossopapel.org.br\/index.php?rest_route=\/wp\/v2\/posts\/585\/revisions"}],"predecessor-version":[{"id":586,"href":"https:\/\/pontocomletra.nossopapel.org.br\/index.php?rest_route=\/wp\/v2\/posts\/585\/revisions\/586"}],"wp:featuredmedia":[{"embeddable":true,"href":"https:\/\/pontocomletra.nossopapel.org.br\/index.php?rest_route=\/wp\/v2\/media\/579"}],"wp:attachment":[{"href":"https:\/\/pontocomletra.nossopapel.org.br\/index.php?rest_route=%2Fwp%2Fv2%2Fmedia&parent=585"}],"wp:term":[{"taxonomy":"category","embeddable":true,"href":"https:\/\/pontocomletra.nossopapel.org.br\/index.php?rest_route=%2Fwp%2Fv2%2Fcategories&post=585"},{"taxonomy":"post_tag","embeddable":true,"href":"https:\/\/pontocomletra.nossopapel.org.br\/index.php?rest_route=%2Fwp%2Fv2%2Ftags&post=585"}],"curies":[{"name":"wp","href":"https:\/\/api.w.org\/{rel}","templated":true}]}}