{"id":533,"date":"2025-06-10T18:20:50","date_gmt":"2025-06-10T21:20:50","guid":{"rendered":"https:\/\/pontocomletra.nossopapel.org.br\/?p=533"},"modified":"2025-06-10T18:20:51","modified_gmt":"2025-06-10T21:20:51","slug":"sarau-da-varanda","status":"publish","type":"post","link":"https:\/\/pontocomletra.nossopapel.org.br\/?p=533","title":{"rendered":"SARAU DA VARANDA"},"content":{"rendered":"\n<p style=\"margin-top:0;margin-bottom:0\">MOTO: Poesia, Performance, M\u00fasica e Solidariedade<\/p>\n\n\n\n<p style=\"margin-top:0;margin-bottom:0\">IDEALIZADORA\/CURADORA: Chris Hermann (escritora-poeta,&nbsp; musicista, designer)<\/p>\n\n\n\n<p style=\"margin-top:0;margin-bottom:0\">INSTAGRAM: @sarau.da.varanda<\/p>\n\n\n\n<p style=\"margin-top:0;margin-bottom:0\">ENDERE\u00c7O: Rua Afonso Pena, 189 &#8211; Tijuca<\/p>\n\n\n\n<p style=\"margin-top:0;margin-bottom:0\">FREQU\u00caNCIA: Mensal<\/p>\n\n\n\n<p style=\"margin-top:0;margin-bottom:0\">IDEIA E \u201cNASCIMENTO\u201d:<\/p>\n\n\n\n<p style=\"margin-top:var(--wp--preset--spacing--20);margin-right:var(--wp--preset--spacing--20);margin-bottom:var(--wp--preset--spacing--20);margin-left:var(--wp--preset--spacing--20)\">A ideia surgiu em Junho de 2024, por conta do meu anivers\u00e1rio no meu novo apartamento na Tijuca, que tem uma varanda espa\u00e7osa. Resolvi fazer um pequeno sarau com os amigos convidados, que em sua maioria eram poetas e m\u00fasicos. Todos adoraram o resultado e pediram bis! Ap\u00f3s um per\u00edodo de pesquisa e \u201cgesta\u00e7\u00e3o\u201d, o \u201cbis\u201d realizou-se j\u00e1 em formato de estreia no Restaurante Salete, da Tijuca. A primeira edi\u00e7\u00e3o em Outubro de 2024 foi um sucesso absoluto, que surpreendeu at\u00e9 a dona do restaurante! E o resto \u00e9 hist\u00f3ria!<\/p>\n\n\n\n<p style=\"margin-top:var(--wp--preset--spacing--20);margin-right:var(--wp--preset--spacing--20);margin-bottom:var(--wp--preset--spacing--20);margin-left:var(--wp--preset--spacing--20)\">PONTOS ALTOS:<\/p>\n\n\n\n<p style=\"margin-top:var(--wp--preset--spacing--20);margin-right:var(--wp--preset--spacing--20);margin-bottom:var(--wp--preset--spacing--20);margin-left:var(--wp--preset--spacing--20)\">* O nosso sarau \u00e9 solid\u00e1rio, j\u00e1 que em todos os eventos, doamos uma cesta b\u00e1sica de alimentos n\u00e3o perec\u00edveis \u00e0 Ong \u201cS\u00f3 Vamos\u201d, trazidos pelos participantes. Essa Ong, que se tornou nossa parceira, distribui quentinhas semanalmente para pessoas em situa\u00e7\u00e3o de fome.<\/p>\n\n\n\n<p style=\"margin-top:var(--wp--preset--spacing--20);margin-right:var(--wp--preset--spacing--20);margin-bottom:var(--wp--preset--spacing--20);margin-left:var(--wp--preset--spacing--20)\">* Abrimos inscri\u00e7\u00f5es para artistas de fora e estreantes tamb\u00e9m, sem qualquer tipo preconceito, apenas priorizando talentos.<\/p>\n\n\n\n<p style=\"margin-top:var(--wp--preset--spacing--20);margin-right:var(--wp--preset--spacing--20);margin-bottom:var(--wp--preset--spacing--20);margin-left:var(--wp--preset--spacing--20)\">* Desde a quarta edi\u00e7\u00e3o, realizamos um microfone aberto ao final, obviamente quando o tempo nos permite.<\/p>\n\n\n\n<p style=\"margin-top:var(--wp--preset--spacing--20);margin-right:var(--wp--preset--spacing--20);margin-bottom:var(--wp--preset--spacing--20);margin-left:var(--wp--preset--spacing--20)\">DIVULGA\u00c7\u00c3O: Uma prioridade para mim. Come\u00e7a na idealiza\u00e7\u00e3o da arte gr\u00e1fica que d\u00e1 a t\u00f4nica visual da edi\u00e7\u00e3o. Passa pela cria\u00e7\u00e3o de um primeiro videoclipe com todo esmero, at\u00e9 os cards individuais dos artistas, a fim de valoriz\u00e1-los e incentiv\u00e1-los na divulga\u00e7\u00e3o pelos seus perfis e stories das redes. Divulgo pelo Instagram do Sarau da Varanda e tamb\u00e9m por outros perfis culturais que tenho, grupos e meus perfis pessoais.<\/p>\n\n\n\n<p>Al\u00e9m disso, temos um canal novinho no YouTube com planos de incremento e divulga\u00e7\u00e3o do Sarau da Varanda:<a href=\"https:\/\/www.youtube.com\/@saraudavaranda\">https:\/\/www.youtube.com\/@saraudavaranda<\/a><\/p>\n\n\n\n<p>Conhe\u00e7a outros saraus do Rio de Janeiro. Acesse: <a href=\"https:\/\/pontocomletra.nossopapel.org.br\/?page_id=111\">https:\/\/pontocomletra.nossopapel.org.br\/?page_id=111<\/a><\/p>\n\n\n\n<figure class=\"wp-block-gallery has-nested-images columns-default is-cropped wp-block-gallery-1 is-layout-flex wp-block-gallery-is-layout-flex\">\n<figure class=\"wp-block-image size-large\"><img loading=\"lazy\" decoding=\"async\" width=\"1024\" height=\"1024\" data-id=\"500\" src=\"https:\/\/pontocomletra.nossopapel.org.br\/wp-content\/uploads\/2025\/06\/WhatsApp-Image-2025-06-10-at-11.48.11-1024x1024.jpeg\" alt=\"\" class=\"wp-image-500\" srcset=\"https:\/\/pontocomletra.nossopapel.org.br\/wp-content\/uploads\/2025\/06\/WhatsApp-Image-2025-06-10-at-11.48.11-1024x1024.jpeg 1024w, https:\/\/pontocomletra.nossopapel.org.br\/wp-content\/uploads\/2025\/06\/WhatsApp-Image-2025-06-10-at-11.48.11-300x300.jpeg 300w, https:\/\/pontocomletra.nossopapel.org.br\/wp-content\/uploads\/2025\/06\/WhatsApp-Image-2025-06-10-at-11.48.11-150x150.jpeg 150w, https:\/\/pontocomletra.nossopapel.org.br\/wp-content\/uploads\/2025\/06\/WhatsApp-Image-2025-06-10-at-11.48.11-768x768.jpeg 768w, https:\/\/pontocomletra.nossopapel.org.br\/wp-content\/uploads\/2025\/06\/WhatsApp-Image-2025-06-10-at-11.48.11-1536x1536.jpeg 1536w, https:\/\/pontocomletra.nossopapel.org.br\/wp-content\/uploads\/2025\/06\/WhatsApp-Image-2025-06-10-at-11.48.11.jpeg 1600w\" sizes=\"auto, (max-width: 1024px) 100vw, 1024px\" \/><\/figure>\n\n\n\n<figure class=\"wp-block-image size-large\"><img loading=\"lazy\" decoding=\"async\" width=\"1024\" height=\"1024\" data-id=\"499\" src=\"https:\/\/pontocomletra.nossopapel.org.br\/wp-content\/uploads\/2025\/06\/WhatsApp-Image-2025-06-10-at-11.48.12-1024x1024.jpeg\" alt=\"\" class=\"wp-image-499\"\/><\/figure>\n<\/figure>\n","protected":false},"excerpt":{"rendered":"<p>MOTO: Poesia, Performance, M\u00fasica e Solidariedade IDEALIZADORA\/CURADORA: Chris Hermann (escritora-poeta,&nbsp; musicista, designer) INSTAGRAM: @sarau.da.varanda ENDERE\u00c7O: Rua Afonso Pena, 189 &#8211;<\/p>\n","protected":false},"author":2,"featured_media":534,"comment_status":"open","ping_status":"open","sticky":false,"template":"","format":"standard","meta":{"colormag_page_layout":"default_layout","_editorskit_title_hidden":false,"_editorskit_reading_time":0,"_editorskit_is_block_options_detached":false,"_editorskit_block_options_position":"{}","footnotes":""},"categories":[1],"tags":[],"class_list":["post-533","post","type-post","status-publish","format-standard","has-post-thumbnail","hentry","category-sem-categoria"],"_links":{"self":[{"href":"https:\/\/pontocomletra.nossopapel.org.br\/index.php?rest_route=\/wp\/v2\/posts\/533","targetHints":{"allow":["GET"]}}],"collection":[{"href":"https:\/\/pontocomletra.nossopapel.org.br\/index.php?rest_route=\/wp\/v2\/posts"}],"about":[{"href":"https:\/\/pontocomletra.nossopapel.org.br\/index.php?rest_route=\/wp\/v2\/types\/post"}],"author":[{"embeddable":true,"href":"https:\/\/pontocomletra.nossopapel.org.br\/index.php?rest_route=\/wp\/v2\/users\/2"}],"replies":[{"embeddable":true,"href":"https:\/\/pontocomletra.nossopapel.org.br\/index.php?rest_route=%2Fwp%2Fv2%2Fcomments&post=533"}],"version-history":[{"count":1,"href":"https:\/\/pontocomletra.nossopapel.org.br\/index.php?rest_route=\/wp\/v2\/posts\/533\/revisions"}],"predecessor-version":[{"id":535,"href":"https:\/\/pontocomletra.nossopapel.org.br\/index.php?rest_route=\/wp\/v2\/posts\/533\/revisions\/535"}],"wp:featuredmedia":[{"embeddable":true,"href":"https:\/\/pontocomletra.nossopapel.org.br\/index.php?rest_route=\/wp\/v2\/media\/534"}],"wp:attachment":[{"href":"https:\/\/pontocomletra.nossopapel.org.br\/index.php?rest_route=%2Fwp%2Fv2%2Fmedia&parent=533"}],"wp:term":[{"taxonomy":"category","embeddable":true,"href":"https:\/\/pontocomletra.nossopapel.org.br\/index.php?rest_route=%2Fwp%2Fv2%2Fcategories&post=533"},{"taxonomy":"post_tag","embeddable":true,"href":"https:\/\/pontocomletra.nossopapel.org.br\/index.php?rest_route=%2Fwp%2Fv2%2Ftags&post=533"}],"curies":[{"name":"wp","href":"https:\/\/api.w.org\/{rel}","templated":true}]}}