{"id":231,"date":"2025-04-28T23:27:01","date_gmt":"2025-04-29T02:27:01","guid":{"rendered":"https:\/\/pontocomletra.nossopapel.org.br\/?p=231"},"modified":"2025-04-28T23:27:02","modified_gmt":"2025-04-29T02:27:02","slug":"navegando-na-casa-de-cultura-jose-bonifacio","status":"publish","type":"post","link":"https:\/\/pontocomletra.nossopapel.org.br\/?p=231","title":{"rendered":"Navegando na Casa de Cultura Jos\u00e9 Bonif\u00e1cio"},"content":{"rendered":"\n<p>No dia 26\/04 o Festival Ponto com Letra \u2013 Escritores em A\u00e7\u00e3o \u2013 Edital Rio Capital Mundial do Livro 2025, realizou atividades na Casa de Cultura Jos\u00e9 Bonif\u00e1cio, parceira do projeto.Uma das a\u00e7\u00f5es precisou ser reagendada pois Gracy Klem teve um problema de sa\u00fade e n\u00e3o pode participar. Estiveram presentes dois super parceiros do projeto, a \u201cEstante Volante\u201d com apresenta\u00e7\u00e3o de diversos livros editados para o p\u00fablico infantil e a Capoeira Arte e Luta coordenada pelo professor Gildo.Houve a apresenta\u00e7\u00e3o do projeto para as crian\u00e7as e jovens e um trabalho relativo a literatura e a Capoeira. Importante ressaltar que a capoeira est\u00e1 profundamente entrela\u00e7ada com a literatura brasileira, seja como tema de romances e cr\u00f4nicas, seja como express\u00e3o oral e musical que constitui uma forma de literatura popular e resist\u00eancia cultural afro-brasileira. A literatura de cordel e as cantigas de Capoeira Angola s\u00e3o exemplos claros dessa inter-rela\u00e7\u00e3o, que continua sendo explorada e valorizada em projetos culturais contempor\u00e2neos.Para esse dia hav\u00edamos programado tamb\u00e9m um mini evento de P\u00e1scoa portanto muito chocolates j\u00e1 estavam embalados para serem doados para as crian\u00e7as. De repente eis que surge um ilustre visitante que observando aquela cesta deliciosa pegou crian\u00e7as e adultos de surpresa ao se transformar em um coelho bastante diferenciado pois tratava-se de um coelho sonhador al\u00e9m disso escritor! De acordo com as palavras do nosso visitante, Leo Motta:\u201cLeo Motta \u00e9 um homem que sonha. Autor de 3 livros que descrevem toda a sua trajet\u00f3ria de vida e supera\u00e7\u00e3o. Que sonha em ser reconhecido pelo Guinness book, como primeiro ex-morador de rua a produzir uma trilogia liter\u00e1ria. Se entrega a projetos sociais voltados para a inclus\u00e3o e faz dos livros seu f\u00f4lego de vida!\u201d<\/p>\n\n\n\n<figure class=\"wp-block-image size-full\"><img loading=\"lazy\" decoding=\"async\" width=\"407\" height=\"587\" src=\"http:\/\/pontocomletra.nossopapel.org.br\/wp-content\/uploads\/2025\/04\/IMG-20250428-WA0063.jpg\" alt=\"\" class=\"wp-image-221\" srcset=\"https:\/\/pontocomletra.nossopapel.org.br\/wp-content\/uploads\/2025\/04\/IMG-20250428-WA0063.jpg 407w, https:\/\/pontocomletra.nossopapel.org.br\/wp-content\/uploads\/2025\/04\/IMG-20250428-WA0063-208x300.jpg 208w\" sizes=\"auto, (max-width: 407px) 100vw, 407px\" \/><\/figure>\n\n\n\n<figure class=\"wp-block-image size-full\"><img loading=\"lazy\" decoding=\"async\" width=\"655\" height=\"369\" src=\"http:\/\/pontocomletra.nossopapel.org.br\/wp-content\/uploads\/2025\/04\/IMG-20250428-WA0066.jpg\" alt=\"\" class=\"wp-image-226\" srcset=\"https:\/\/pontocomletra.nossopapel.org.br\/wp-content\/uploads\/2025\/04\/IMG-20250428-WA0066.jpg 655w, https:\/\/pontocomletra.nossopapel.org.br\/wp-content\/uploads\/2025\/04\/IMG-20250428-WA0066-300x169.jpg 300w\" sizes=\"auto, (max-width: 655px) 100vw, 655px\" \/><\/figure>\n\n\n\n<figure class=\"wp-block-image size-full\"><img loading=\"lazy\" decoding=\"async\" width=\"481\" height=\"602\" src=\"http:\/\/pontocomletra.nossopapel.org.br\/wp-content\/uploads\/2025\/04\/IMG-20250428-WA0067.jpg\" alt=\"\" class=\"wp-image-225\" srcset=\"https:\/\/pontocomletra.nossopapel.org.br\/wp-content\/uploads\/2025\/04\/IMG-20250428-WA0067.jpg 481w, https:\/\/pontocomletra.nossopapel.org.br\/wp-content\/uploads\/2025\/04\/IMG-20250428-WA0067-240x300.jpg 240w\" sizes=\"auto, (max-width: 481px) 100vw, 481px\" \/><\/figure>\n\n\n\n<figure class=\"wp-block-image size-full\"><img loading=\"lazy\" decoding=\"async\" width=\"397\" height=\"496\" src=\"http:\/\/pontocomletra.nossopapel.org.br\/wp-content\/uploads\/2025\/04\/IMG-20250428-WA0068.jpg\" alt=\"\" class=\"wp-image-224\" srcset=\"https:\/\/pontocomletra.nossopapel.org.br\/wp-content\/uploads\/2025\/04\/IMG-20250428-WA0068.jpg 397w, https:\/\/pontocomletra.nossopapel.org.br\/wp-content\/uploads\/2025\/04\/IMG-20250428-WA0068-240x300.jpg 240w\" sizes=\"auto, (max-width: 397px) 100vw, 397px\" \/><\/figure>\n\n\n\n<figure class=\"wp-block-image size-full\"><img loading=\"lazy\" decoding=\"async\" width=\"692\" height=\"389\" src=\"http:\/\/pontocomletra.nossopapel.org.br\/wp-content\/uploads\/2025\/04\/IMG-20250428-WA0065.jpg\" alt=\"\" class=\"wp-image-223\" srcset=\"https:\/\/pontocomletra.nossopapel.org.br\/wp-content\/uploads\/2025\/04\/IMG-20250428-WA0065.jpg 692w, https:\/\/pontocomletra.nossopapel.org.br\/wp-content\/uploads\/2025\/04\/IMG-20250428-WA0065-300x169.jpg 300w\" sizes=\"auto, (max-width: 692px) 100vw, 692px\" \/><\/figure>\n\n\n\n<figure class=\"wp-block-image size-full\"><img loading=\"lazy\" decoding=\"async\" width=\"667\" height=\"375\" src=\"http:\/\/pontocomletra.nossopapel.org.br\/wp-content\/uploads\/2025\/04\/IMG-20250428-WA0064.jpg\" alt=\"\" class=\"wp-image-222\" srcset=\"https:\/\/pontocomletra.nossopapel.org.br\/wp-content\/uploads\/2025\/04\/IMG-20250428-WA0064.jpg 667w, https:\/\/pontocomletra.nossopapel.org.br\/wp-content\/uploads\/2025\/04\/IMG-20250428-WA0064-300x169.jpg 300w\" sizes=\"auto, (max-width: 667px) 100vw, 667px\" \/><\/figure>\n\n\n\n<figure class=\"wp-block-image size-full\"><img loading=\"lazy\" decoding=\"async\" width=\"449\" height=\"598\" src=\"http:\/\/pontocomletra.nossopapel.org.br\/wp-content\/uploads\/2025\/04\/IMG-20250428-WA0069.jpg\" alt=\"\" class=\"wp-image-220\" srcset=\"https:\/\/pontocomletra.nossopapel.org.br\/wp-content\/uploads\/2025\/04\/IMG-20250428-WA0069.jpg 449w, https:\/\/pontocomletra.nossopapel.org.br\/wp-content\/uploads\/2025\/04\/IMG-20250428-WA0069-225x300.jpg 225w\" sizes=\"auto, (max-width: 449px) 100vw, 449px\" \/><\/figure>\n\n\n\n<figure class=\"wp-block-image size-large\"><img loading=\"lazy\" decoding=\"async\" width=\"544\" height=\"1024\" src=\"http:\/\/pontocomletra.nossopapel.org.br\/wp-content\/uploads\/2025\/04\/IMG-20250428-WA0028-544x1024.jpg\" alt=\"\" class=\"wp-image-216\" srcset=\"https:\/\/pontocomletra.nossopapel.org.br\/wp-content\/uploads\/2025\/04\/IMG-20250428-WA0028-544x1024.jpg 544w, https:\/\/pontocomletra.nossopapel.org.br\/wp-content\/uploads\/2025\/04\/IMG-20250428-WA0028-159x300.jpg 159w, https:\/\/pontocomletra.nossopapel.org.br\/wp-content\/uploads\/2025\/04\/IMG-20250428-WA0028.jpg 609w\" sizes=\"auto, (max-width: 544px) 100vw, 544px\" \/><\/figure>\n","protected":false},"excerpt":{"rendered":"<p>No dia 26\/04 o Festival Ponto com Letra \u2013 Escritores em A\u00e7\u00e3o \u2013 Edital Rio Capital Mundial do Livro 2025,<\/p>\n","protected":false},"author":2,"featured_media":219,"comment_status":"open","ping_status":"open","sticky":false,"template":"","format":"standard","meta":{"colormag_page_layout":"default_layout","_editorskit_title_hidden":false,"_editorskit_reading_time":0,"_editorskit_is_block_options_detached":false,"_editorskit_block_options_position":"{}","footnotes":""},"categories":[1],"tags":[13,12,11,9],"class_list":["post-231","post","type-post","status-publish","format-standard","has-post-thumbnail","hentry","category-sem-categoria","tag-escritoresemacao","tag-festivalpontocomletra","tag-paqueta","tag-riocapitalmundialdolivro"],"_links":{"self":[{"href":"https:\/\/pontocomletra.nossopapel.org.br\/index.php?rest_route=\/wp\/v2\/posts\/231","targetHints":{"allow":["GET"]}}],"collection":[{"href":"https:\/\/pontocomletra.nossopapel.org.br\/index.php?rest_route=\/wp\/v2\/posts"}],"about":[{"href":"https:\/\/pontocomletra.nossopapel.org.br\/index.php?rest_route=\/wp\/v2\/types\/post"}],"author":[{"embeddable":true,"href":"https:\/\/pontocomletra.nossopapel.org.br\/index.php?rest_route=\/wp\/v2\/users\/2"}],"replies":[{"embeddable":true,"href":"https:\/\/pontocomletra.nossopapel.org.br\/index.php?rest_route=%2Fwp%2Fv2%2Fcomments&post=231"}],"version-history":[{"count":1,"href":"https:\/\/pontocomletra.nossopapel.org.br\/index.php?rest_route=\/wp\/v2\/posts\/231\/revisions"}],"predecessor-version":[{"id":232,"href":"https:\/\/pontocomletra.nossopapel.org.br\/index.php?rest_route=\/wp\/v2\/posts\/231\/revisions\/232"}],"wp:featuredmedia":[{"embeddable":true,"href":"https:\/\/pontocomletra.nossopapel.org.br\/index.php?rest_route=\/wp\/v2\/media\/219"}],"wp:attachment":[{"href":"https:\/\/pontocomletra.nossopapel.org.br\/index.php?rest_route=%2Fwp%2Fv2%2Fmedia&parent=231"}],"wp:term":[{"taxonomy":"category","embeddable":true,"href":"https:\/\/pontocomletra.nossopapel.org.br\/index.php?rest_route=%2Fwp%2Fv2%2Fcategories&post=231"},{"taxonomy":"post_tag","embeddable":true,"href":"https:\/\/pontocomletra.nossopapel.org.br\/index.php?rest_route=%2Fwp%2Fv2%2Ftags&post=231"}],"curies":[{"name":"wp","href":"https:\/\/api.w.org\/{rel}","templated":true}]}}