{"id":213,"date":"2025-04-28T22:56:28","date_gmt":"2025-04-29T01:56:28","guid":{"rendered":"https:\/\/pontocomletra.nossopapel.org.br\/?p=213"},"modified":"2025-04-28T22:56:29","modified_gmt":"2025-04-29T01:56:29","slug":"evento-oficial-de-abertura-do-rio-capital-mundial-do-livro-2025","status":"publish","type":"post","link":"https:\/\/pontocomletra.nossopapel.org.br\/?p=213","title":{"rendered":"EVENTO OFICIAL DE ABERTURA DO RIO CAPITAL MUNDIAL DO LIVRO 2025"},"content":{"rendered":"\n<p>No dia 23\/04 foi realizada a cerim\u00f4nia que deu in\u00edcio oficial ao t\u00edtulo recebido da UNESCO, de \u201cRio Capital Mundial do Livro 2025\u201d, primeira cidade de l\u00edngua portugu\u00eas a receber a chancela.\tO representante da cidade do Rio de Janeiro, Prefeito Eduardo Paes, recebeu \u201cas chaves\u201d dessa honraria da Prefeita de Estrasburgo, Jeanne Barseghian que elogiou a nossa capacidade de fazer do Rio de Janeiro uma cidade mais maravilhosa em meio aos livros. O nosso representante ao receber as chaves comentou: \u201cO Rio continua lindo O Rio continua lendo&#8230;.&#8221;\tO Festival Ponto com Letra \u2013 Escritores em A\u00e7\u00e3o, participou do evento atrav\u00e9s da presen\u00e7a de Myrian Crist\u00f3v\u00e3o da Costa, presidente da ONG O Nosso Papel que registrou de forma detalhada em imagens e textos a abertura do evento.<\/p>\n\n\n\n<figure class=\"wp-block-image size-full\"><img loading=\"lazy\" decoding=\"async\" width=\"384\" height=\"511\" src=\"http:\/\/pontocomletra.nossopapel.org.br\/wp-content\/uploads\/2025\/04\/IMG-20250428-WA0062.jpg\" alt=\"\" class=\"wp-image-215\" srcset=\"https:\/\/pontocomletra.nossopapel.org.br\/wp-content\/uploads\/2025\/04\/IMG-20250428-WA0062.jpg 384w, https:\/\/pontocomletra.nossopapel.org.br\/wp-content\/uploads\/2025\/04\/IMG-20250428-WA0062-225x300.jpg 225w\" sizes=\"auto, (max-width: 384px) 100vw, 384px\" \/><\/figure>\n","protected":false},"excerpt":{"rendered":"<p>No dia 23\/04 foi realizada a cerim\u00f4nia que deu in\u00edcio oficial ao t\u00edtulo recebido da UNESCO, de \u201cRio Capital Mundial<\/p>\n","protected":false},"author":2,"featured_media":214,"comment_status":"open","ping_status":"open","sticky":false,"template":"","format":"standard","meta":{"colormag_page_layout":"default_layout","_editorskit_title_hidden":false,"_editorskit_reading_time":0,"_editorskit_is_block_options_detached":false,"_editorskit_block_options_position":"{}","footnotes":""},"categories":[1],"tags":[10,13,12,11,9],"class_list":["post-213","post","type-post","status-publish","format-standard","has-post-thumbnail","hentry","category-sem-categoria","tag-escritores","tag-escritoresemacao","tag-festivalpontocomletra","tag-paqueta","tag-riocapitalmundialdolivro"],"_links":{"self":[{"href":"https:\/\/pontocomletra.nossopapel.org.br\/index.php?rest_route=\/wp\/v2\/posts\/213","targetHints":{"allow":["GET"]}}],"collection":[{"href":"https:\/\/pontocomletra.nossopapel.org.br\/index.php?rest_route=\/wp\/v2\/posts"}],"about":[{"href":"https:\/\/pontocomletra.nossopapel.org.br\/index.php?rest_route=\/wp\/v2\/types\/post"}],"author":[{"embeddable":true,"href":"https:\/\/pontocomletra.nossopapel.org.br\/index.php?rest_route=\/wp\/v2\/users\/2"}],"replies":[{"embeddable":true,"href":"https:\/\/pontocomletra.nossopapel.org.br\/index.php?rest_route=%2Fwp%2Fv2%2Fcomments&post=213"}],"version-history":[{"count":1,"href":"https:\/\/pontocomletra.nossopapel.org.br\/index.php?rest_route=\/wp\/v2\/posts\/213\/revisions"}],"predecessor-version":[{"id":217,"href":"https:\/\/pontocomletra.nossopapel.org.br\/index.php?rest_route=\/wp\/v2\/posts\/213\/revisions\/217"}],"wp:featuredmedia":[{"embeddable":true,"href":"https:\/\/pontocomletra.nossopapel.org.br\/index.php?rest_route=\/wp\/v2\/media\/214"}],"wp:attachment":[{"href":"https:\/\/pontocomletra.nossopapel.org.br\/index.php?rest_route=%2Fwp%2Fv2%2Fmedia&parent=213"}],"wp:term":[{"taxonomy":"category","embeddable":true,"href":"https:\/\/pontocomletra.nossopapel.org.br\/index.php?rest_route=%2Fwp%2Fv2%2Fcategories&post=213"},{"taxonomy":"post_tag","embeddable":true,"href":"https:\/\/pontocomletra.nossopapel.org.br\/index.php?rest_route=%2Fwp%2Fv2%2Ftags&post=213"}],"curies":[{"name":"wp","href":"https:\/\/api.w.org\/{rel}","templated":true}]}}