{"id":197,"date":"2025-04-28T22:31:08","date_gmt":"2025-04-29T01:31:08","guid":{"rendered":"https:\/\/pontocomletra.nossopapel.org.br\/?p=197"},"modified":"2025-04-29T08:51:21","modified_gmt":"2025-04-29T11:51:21","slug":"navegando-no-colegio-estadual-augusto-ruschi","status":"publish","type":"post","link":"https:\/\/pontocomletra.nossopapel.org.br\/?p=197","title":{"rendered":"Navegando no Col\u00e9gio Estadual Augusto Ruschi"},"content":{"rendered":"\n<p>No dia 15\/04 foi realizada pela ONG O Nosso Papel a cerim\u00f4nia de abertura do &#8220;Festival Ponto com Letra-Escritores em A\u00e7\u00e3o\u201d para alunos e professores do Col\u00e9gio Estadual Augusto Ruschi em Paquet\u00e1. O evento contou tamb\u00e9m com a participa\u00e7\u00e3o de representantes da SMCRJ, XXI Regi\u00e3o Administrativa, apresenta\u00e7\u00e3o especial dos escritores Jorge Ventura, presidente da APPERJ, Lucia Mattos, diretora cultural da APPERJ e presidente da ACLAPTCTC RIO e Bruno Black, poeta, escritor e ativista cultural. O projeto realizar\u00e1 no Col\u00e9gio em 2025, atividades sobre diferentes g\u00eaneros liter\u00e1rios intituladas &#8220;Oficinas Navegantes\u201d.<\/p>\n\n\n\n<figure class=\"wp-block-image size-full\"><img loading=\"lazy\" decoding=\"async\" width=\"620\" height=\"620\" src=\"http:\/\/pontocomletra.nossopapel.org.br\/wp-content\/uploads\/2025\/04\/WhatsApp-Image-2025-04-28-at-14.10.33.jpeg\" alt=\"\" class=\"wp-image-198\" srcset=\"https:\/\/pontocomletra.nossopapel.org.br\/wp-content\/uploads\/2025\/04\/WhatsApp-Image-2025-04-28-at-14.10.33.jpeg 620w, https:\/\/pontocomletra.nossopapel.org.br\/wp-content\/uploads\/2025\/04\/WhatsApp-Image-2025-04-28-at-14.10.33-300x300.jpeg 300w, https:\/\/pontocomletra.nossopapel.org.br\/wp-content\/uploads\/2025\/04\/WhatsApp-Image-2025-04-28-at-14.10.33-150x150.jpeg 150w\" sizes=\"auto, (max-width: 620px) 100vw, 620px\" \/><\/figure>\n\n\n\n<figure class=\"wp-block-image size-full\"><img loading=\"lazy\" decoding=\"async\" width=\"614\" height=\"614\" src=\"http:\/\/pontocomletra.nossopapel.org.br\/wp-content\/uploads\/2025\/04\/WhatsApp-Image-2025-04-28-at-14.10.07.jpeg\" alt=\"\" class=\"wp-image-199\" srcset=\"https:\/\/pontocomletra.nossopapel.org.br\/wp-content\/uploads\/2025\/04\/WhatsApp-Image-2025-04-28-at-14.10.07.jpeg 614w, https:\/\/pontocomletra.nossopapel.org.br\/wp-content\/uploads\/2025\/04\/WhatsApp-Image-2025-04-28-at-14.10.07-300x300.jpeg 300w, https:\/\/pontocomletra.nossopapel.org.br\/wp-content\/uploads\/2025\/04\/WhatsApp-Image-2025-04-28-at-14.10.07-150x150.jpeg 150w\" sizes=\"auto, (max-width: 614px) 100vw, 614px\" \/><\/figure>\n","protected":false},"excerpt":{"rendered":"<p>No dia 15\/04 foi realizada pela ONG O Nosso Papel a cerim\u00f4nia de abertura do &#8220;Festival Ponto com Letra-Escritores em<\/p>\n","protected":false},"author":2,"featured_media":236,"comment_status":"open","ping_status":"open","sticky":false,"template":"","format":"standard","meta":{"colormag_page_layout":"default_layout","_editorskit_title_hidden":false,"_editorskit_reading_time":0,"_editorskit_is_block_options_detached":false,"_editorskit_block_options_position":"{}","footnotes":""},"categories":[1],"tags":[],"class_list":["post-197","post","type-post","status-publish","format-standard","has-post-thumbnail","hentry","category-sem-categoria"],"_links":{"self":[{"href":"https:\/\/pontocomletra.nossopapel.org.br\/index.php?rest_route=\/wp\/v2\/posts\/197","targetHints":{"allow":["GET"]}}],"collection":[{"href":"https:\/\/pontocomletra.nossopapel.org.br\/index.php?rest_route=\/wp\/v2\/posts"}],"about":[{"href":"https:\/\/pontocomletra.nossopapel.org.br\/index.php?rest_route=\/wp\/v2\/types\/post"}],"author":[{"embeddable":true,"href":"https:\/\/pontocomletra.nossopapel.org.br\/index.php?rest_route=\/wp\/v2\/users\/2"}],"replies":[{"embeddable":true,"href":"https:\/\/pontocomletra.nossopapel.org.br\/index.php?rest_route=%2Fwp%2Fv2%2Fcomments&post=197"}],"version-history":[{"count":2,"href":"https:\/\/pontocomletra.nossopapel.org.br\/index.php?rest_route=\/wp\/v2\/posts\/197\/revisions"}],"predecessor-version":[{"id":237,"href":"https:\/\/pontocomletra.nossopapel.org.br\/index.php?rest_route=\/wp\/v2\/posts\/197\/revisions\/237"}],"wp:featuredmedia":[{"embeddable":true,"href":"https:\/\/pontocomletra.nossopapel.org.br\/index.php?rest_route=\/wp\/v2\/media\/236"}],"wp:attachment":[{"href":"https:\/\/pontocomletra.nossopapel.org.br\/index.php?rest_route=%2Fwp%2Fv2%2Fmedia&parent=197"}],"wp:term":[{"taxonomy":"category","embeddable":true,"href":"https:\/\/pontocomletra.nossopapel.org.br\/index.php?rest_route=%2Fwp%2Fv2%2Fcategories&post=197"},{"taxonomy":"post_tag","embeddable":true,"href":"https:\/\/pontocomletra.nossopapel.org.br\/index.php?rest_route=%2Fwp%2Fv2%2Ftags&post=197"}],"curies":[{"name":"wp","href":"https:\/\/api.w.org\/{rel}","templated":true}]}}