{"id":1724,"date":"2025-12-15T11:22:00","date_gmt":"2025-12-15T14:22:00","guid":{"rendered":"http:\/\/pontocomletra.nossopapel.org.br\/?p=1724"},"modified":"2025-12-15T11:31:28","modified_gmt":"2025-12-15T14:31:28","slug":"sergio-geronimo-entrevista-com-poetas-festival-ponto-com-letra-escritores-em-acao","status":"publish","type":"post","link":"https:\/\/pontocomletra.nossopapel.org.br\/?p=1724","title":{"rendered":"S\u00c9RGIO GER\u00d4NIMO &#8211; Entrevista com poetas &#8211; Festival Ponto com Letra Escritores em A\u00e7\u00e3o"},"content":{"rendered":"\n<p><\/p>\n\n\n\n<iframe loading=\"lazy\" width=\"560\" height=\"315\" src=\"https:\/\/www.youtube.com\/embed\/-pXES8pXCmk?si=jnPu8kzp9jBpW5E6\" title=\"YouTube video player\" frameborder=\"0\" allow=\"accelerometer; autoplay; clipboard-write; encrypted-media; gyroscope; picture-in-picture; web-share\" referrerpolicy=\"strict-origin-when-cross-origin\" allowfullscreen><\/iframe>\n\n\n\n<figure class=\"wp-block-image size-large\"><img loading=\"lazy\" decoding=\"async\" width=\"1024\" height=\"1024\" src=\"http:\/\/pontocomletra.nossopapel.org.br\/wp-content\/uploads\/2025\/12\/WhatsApp-Image-2025-12-15-at-10.20.26-1024x1024.jpeg\" alt=\"\" class=\"wp-image-1725\" srcset=\"https:\/\/pontocomletra.nossopapel.org.br\/wp-content\/uploads\/2025\/12\/WhatsApp-Image-2025-12-15-at-10.20.26-1024x1024.jpeg 1024w, https:\/\/pontocomletra.nossopapel.org.br\/wp-content\/uploads\/2025\/12\/WhatsApp-Image-2025-12-15-at-10.20.26-300x300.jpeg 300w, https:\/\/pontocomletra.nossopapel.org.br\/wp-content\/uploads\/2025\/12\/WhatsApp-Image-2025-12-15-at-10.20.26-150x150.jpeg 150w, https:\/\/pontocomletra.nossopapel.org.br\/wp-content\/uploads\/2025\/12\/WhatsApp-Image-2025-12-15-at-10.20.26-768x768.jpeg 768w, https:\/\/pontocomletra.nossopapel.org.br\/wp-content\/uploads\/2025\/12\/WhatsApp-Image-2025-12-15-at-10.20.26.jpeg 1280w\" sizes=\"auto, (max-width: 1024px) 100vw, 1024px\" \/><\/figure>\n\n\n\n<p><\/p>\n","protected":false},"excerpt":{"rendered":"","protected":false},"author":2,"featured_media":1725,"comment_status":"open","ping_status":"open","sticky":false,"template":"","format":"standard","meta":{"colormag_page_layout":"default_layout","_editorskit_title_hidden":false,"_editorskit_reading_time":0,"_editorskit_is_block_options_detached":false,"_editorskit_block_options_position":"{}","footnotes":""},"categories":[1],"tags":[13,12,11,204,9],"class_list":["post-1724","post","type-post","status-publish","format-standard","has-post-thumbnail","hentry","category-sem-categoria","tag-escritoresemacao","tag-festivalpontocomletra","tag-paqueta","tag-poetas","tag-riocapitalmundialdolivro"],"_links":{"self":[{"href":"https:\/\/pontocomletra.nossopapel.org.br\/index.php?rest_route=\/wp\/v2\/posts\/1724","targetHints":{"allow":["GET"]}}],"collection":[{"href":"https:\/\/pontocomletra.nossopapel.org.br\/index.php?rest_route=\/wp\/v2\/posts"}],"about":[{"href":"https:\/\/pontocomletra.nossopapel.org.br\/index.php?rest_route=\/wp\/v2\/types\/post"}],"author":[{"embeddable":true,"href":"https:\/\/pontocomletra.nossopapel.org.br\/index.php?rest_route=\/wp\/v2\/users\/2"}],"replies":[{"embeddable":true,"href":"https:\/\/pontocomletra.nossopapel.org.br\/index.php?rest_route=%2Fwp%2Fv2%2Fcomments&post=1724"}],"version-history":[{"count":3,"href":"https:\/\/pontocomletra.nossopapel.org.br\/index.php?rest_route=\/wp\/v2\/posts\/1724\/revisions"}],"predecessor-version":[{"id":1734,"href":"https:\/\/pontocomletra.nossopapel.org.br\/index.php?rest_route=\/wp\/v2\/posts\/1724\/revisions\/1734"}],"wp:featuredmedia":[{"embeddable":true,"href":"https:\/\/pontocomletra.nossopapel.org.br\/index.php?rest_route=\/wp\/v2\/media\/1725"}],"wp:attachment":[{"href":"https:\/\/pontocomletra.nossopapel.org.br\/index.php?rest_route=%2Fwp%2Fv2%2Fmedia&parent=1724"}],"wp:term":[{"taxonomy":"category","embeddable":true,"href":"https:\/\/pontocomletra.nossopapel.org.br\/index.php?rest_route=%2Fwp%2Fv2%2Fcategories&post=1724"},{"taxonomy":"post_tag","embeddable":true,"href":"https:\/\/pontocomletra.nossopapel.org.br\/index.php?rest_route=%2Fwp%2Fv2%2Ftags&post=1724"}],"curies":[{"name":"wp","href":"https:\/\/api.w.org\/{rel}","templated":true}]}}