{"id":1593,"date":"2025-11-28T10:07:47","date_gmt":"2025-11-28T13:07:47","guid":{"rendered":"http:\/\/pontocomletra.nossopapel.org.br\/?p=1593"},"modified":"2025-11-28T10:07:48","modified_gmt":"2025-11-28T13:07:48","slug":"entrevista-especial-com-lucia-mattos-mes-da-consciencia-negra","status":"publish","type":"post","link":"https:\/\/pontocomletra.nossopapel.org.br\/?p=1593","title":{"rendered":"ENTREVISTA ESPECIAL  COM L\u00daCIA MATTOS &#8211; M\u00caS DA CONSCI\u00caNCIA NEGRA."},"content":{"rendered":"\n<p><\/p>\n\n\n\n<p>Betina realiza uma entrevista super especial no m\u00eas da Consci\u00eancia Negra, com a poeta e escritora L\u00facia Mattos.<\/p>\n\n\n\n<iframe loading=\"lazy\" width=\"560\" height=\"315\" src=\"https:\/\/www.youtube.com\/embed\/CS62GgoFKwU?si=s20uNff7sKoGQgkK\" title=\"YouTube video player\" frameborder=\"0\" allow=\"accelerometer; autoplay; clipboard-write; encrypted-media; gyroscope; picture-in-picture; web-share\" referrerpolicy=\"strict-origin-when-cross-origin\" allowfullscreen><\/iframe>\n\n\n\n<p>Vivendo esse m\u00eas de Novembro intensamente, n\u00e3o poder\u00edamos deixar passar uma das suas datas mais significativas, o 20 de Novembro!!! Data que homenageamos Zumbi dos Palmares e tudo que sua trajet\u00f3ria significa. Dia que renovamos a nossa energia na luta por IGUALDADE. Data que louvamos nossos ancestrais, os que iniciaram a pavimenta\u00e7\u00e3o da estrada que seguimos construindo nos dias de hoje. Dia de celebrar, de compartilhar afeto, acolhida, Dia de REVERENCIAR!!!<\/p>\n\n\n\n<p>E dentre tantos nomes significativos, o Festival Ponto com Letra &#8211; Escritores em A\u00e7\u00e3o escolheu ela. Ela que \u00e9 parceira no fazer a diferen\u00e7a das nossas a\u00e7\u00f5es, que caminha junto, que \u00e9 inspira\u00e7\u00e3o, pra alguns at\u00e9 uma Mousse de Chocolate, rsrs.<\/p>\n\n\n\n<p>Nessa entrevista navegante, a entrevistada \u00e9 ela, mas o privil\u00e9gio \u00e9 todo nosso. Curtam, aproveitem, sorriam e absorvam essa energia em formato de Mulher chamada L\u00facia Mattos!!!<\/p>\n\n\n\n<figure class=\"wp-block-image size-large\"><img loading=\"lazy\" decoding=\"async\" width=\"1024\" height=\"1024\" src=\"http:\/\/pontocomletra.nossopapel.org.br\/wp-content\/uploads\/2025\/11\/WhatsApp-Image-2025-11-28-at-10.06.13-1024x1024.jpeg\" alt=\"\" class=\"wp-image-1597\" srcset=\"https:\/\/pontocomletra.nossopapel.org.br\/wp-content\/uploads\/2025\/11\/WhatsApp-Image-2025-11-28-at-10.06.13-1024x1024.jpeg 1024w, https:\/\/pontocomletra.nossopapel.org.br\/wp-content\/uploads\/2025\/11\/WhatsApp-Image-2025-11-28-at-10.06.13-300x300.jpeg 300w, https:\/\/pontocomletra.nossopapel.org.br\/wp-content\/uploads\/2025\/11\/WhatsApp-Image-2025-11-28-at-10.06.13-150x150.jpeg 150w, https:\/\/pontocomletra.nossopapel.org.br\/wp-content\/uploads\/2025\/11\/WhatsApp-Image-2025-11-28-at-10.06.13-768x768.jpeg 768w, https:\/\/pontocomletra.nossopapel.org.br\/wp-content\/uploads\/2025\/11\/WhatsApp-Image-2025-11-28-at-10.06.13.jpeg 1280w\" sizes=\"auto, (max-width: 1024px) 100vw, 1024px\" \/><\/figure>\n","protected":false},"excerpt":{"rendered":"<p>Betina realiza uma entrevista super especial no m\u00eas da Consci\u00eancia Negra, com a poeta e escritora L\u00facia Mattos. Vivendo esse<\/p>\n","protected":false},"author":2,"featured_media":1597,"comment_status":"open","ping_status":"open","sticky":false,"template":"","format":"standard","meta":{"colormag_page_layout":"default_layout","_editorskit_title_hidden":false,"_editorskit_reading_time":0,"_editorskit_is_block_options_detached":false,"_editorskit_block_options_position":"{}","footnotes":""},"categories":[1],"tags":[10,12,11,204,9],"class_list":["post-1593","post","type-post","status-publish","format-standard","has-post-thumbnail","hentry","category-sem-categoria","tag-escritores","tag-festivalpontocomletra","tag-paqueta","tag-poetas","tag-riocapitalmundialdolivro"],"_links":{"self":[{"href":"https:\/\/pontocomletra.nossopapel.org.br\/index.php?rest_route=\/wp\/v2\/posts\/1593","targetHints":{"allow":["GET"]}}],"collection":[{"href":"https:\/\/pontocomletra.nossopapel.org.br\/index.php?rest_route=\/wp\/v2\/posts"}],"about":[{"href":"https:\/\/pontocomletra.nossopapel.org.br\/index.php?rest_route=\/wp\/v2\/types\/post"}],"author":[{"embeddable":true,"href":"https:\/\/pontocomletra.nossopapel.org.br\/index.php?rest_route=\/wp\/v2\/users\/2"}],"replies":[{"embeddable":true,"href":"https:\/\/pontocomletra.nossopapel.org.br\/index.php?rest_route=%2Fwp%2Fv2%2Fcomments&post=1593"}],"version-history":[{"count":2,"href":"https:\/\/pontocomletra.nossopapel.org.br\/index.php?rest_route=\/wp\/v2\/posts\/1593\/revisions"}],"predecessor-version":[{"id":1698,"href":"https:\/\/pontocomletra.nossopapel.org.br\/index.php?rest_route=\/wp\/v2\/posts\/1593\/revisions\/1698"}],"wp:featuredmedia":[{"embeddable":true,"href":"https:\/\/pontocomletra.nossopapel.org.br\/index.php?rest_route=\/wp\/v2\/media\/1597"}],"wp:attachment":[{"href":"https:\/\/pontocomletra.nossopapel.org.br\/index.php?rest_route=%2Fwp%2Fv2%2Fmedia&parent=1593"}],"wp:term":[{"taxonomy":"category","embeddable":true,"href":"https:\/\/pontocomletra.nossopapel.org.br\/index.php?rest_route=%2Fwp%2Fv2%2Fcategories&post=1593"},{"taxonomy":"post_tag","embeddable":true,"href":"https:\/\/pontocomletra.nossopapel.org.br\/index.php?rest_route=%2Fwp%2Fv2%2Ftags&post=1593"}],"curies":[{"name":"wp","href":"https:\/\/api.w.org\/{rel}","templated":true}]}}