{"id":1569,"date":"2025-11-21T07:53:13","date_gmt":"2025-11-21T10:53:13","guid":{"rendered":"http:\/\/pontocomletra.nossopapel.org.br\/?p=1569"},"modified":"2025-11-21T07:54:31","modified_gmt":"2025-11-21T10:54:31","slug":"cilene-oliveira-entrevista-com-poetas-e-escritores","status":"publish","type":"post","link":"https:\/\/pontocomletra.nossopapel.org.br\/?p=1569","title":{"rendered":"CILENE OLIVEIRA &#8211; Entrevista com poetas e escritores"},"content":{"rendered":"\n<p>Cilene Oliveira \u00e9 poeta cordelista e bibliotec\u00e1ria<\/p>\n\n\n\n<iframe loading=\"lazy\" width=\"560\" height=\"315\" src=\"https:\/\/www.youtube.com\/embed\/IwJp-KEzfSg?si=gzH0rs1kHaDXn2NV\" title=\"YouTube video player\" frameborder=\"0\" allow=\"accelerometer; autoplay; clipboard-write; encrypted-media; gyroscope; picture-in-picture; web-share\" referrerpolicy=\"strict-origin-when-cross-origin\" allowfullscreen><\/iframe>\n\n\n\n<figure class=\"wp-block-image size-large\"><img loading=\"lazy\" decoding=\"async\" width=\"1024\" height=\"1024\" src=\"http:\/\/pontocomletra.nossopapel.org.br\/wp-content\/uploads\/2025\/11\/IMG-20251121-WA0021-1024x1024.jpg\" alt=\"\" class=\"wp-image-1553\" srcset=\"https:\/\/pontocomletra.nossopapel.org.br\/wp-content\/uploads\/2025\/11\/IMG-20251121-WA0021-1024x1024.jpg 1024w, https:\/\/pontocomletra.nossopapel.org.br\/wp-content\/uploads\/2025\/11\/IMG-20251121-WA0021-300x300.jpg 300w, https:\/\/pontocomletra.nossopapel.org.br\/wp-content\/uploads\/2025\/11\/IMG-20251121-WA0021-150x150.jpg 150w, https:\/\/pontocomletra.nossopapel.org.br\/wp-content\/uploads\/2025\/11\/IMG-20251121-WA0021-768x768.jpg 768w, https:\/\/pontocomletra.nossopapel.org.br\/wp-content\/uploads\/2025\/11\/IMG-20251121-WA0021-1536x1536.jpg 1536w, https:\/\/pontocomletra.nossopapel.org.br\/wp-content\/uploads\/2025\/11\/IMG-20251121-WA0021-2048x2048.jpg 2048w\" sizes=\"auto, (max-width: 1024px) 100vw, 1024px\" \/><\/figure>\n\n\n\n<p><\/p>\n\n\n\n<p>Governo Federal, Minist\u00e9rio da Cultura ,Secretaria Municipal de Cultura RJ, apresentam: Festival Ponto com Letra Escritores em A\u00e7\u00e3o &#8211; Edital Cultura Viva- Rio Capital Mundial do Livro 2025<\/p>\n\n\n\n<p><\/p>\n","protected":false},"excerpt":{"rendered":"<p>Cilene Oliveira \u00e9 poeta cordelista e bibliotec\u00e1ria Governo Federal, Minist\u00e9rio da Cultura ,Secretaria Municipal de Cultura RJ, apresentam: Festival Ponto<\/p>\n","protected":false},"author":2,"featured_media":1553,"comment_status":"open","ping_status":"open","sticky":false,"template":"","format":"standard","meta":{"colormag_page_layout":"default_layout","_editorskit_title_hidden":false,"_editorskit_reading_time":0,"_editorskit_is_block_options_detached":false,"_editorskit_block_options_position":"{}","footnotes":""},"categories":[1],"tags":[202,10,13,12,108,11,9],"class_list":["post-1569","post","type-post","status-publish","format-standard","has-post-thumbnail","hentry","category-sem-categoria","tag-biblioteca","tag-escritores","tag-escritoresemacao","tag-festivalpontocomletra","tag-livrosinfantis","tag-paqueta","tag-riocapitalmundialdolivro"],"_links":{"self":[{"href":"https:\/\/pontocomletra.nossopapel.org.br\/index.php?rest_route=\/wp\/v2\/posts\/1569","targetHints":{"allow":["GET"]}}],"collection":[{"href":"https:\/\/pontocomletra.nossopapel.org.br\/index.php?rest_route=\/wp\/v2\/posts"}],"about":[{"href":"https:\/\/pontocomletra.nossopapel.org.br\/index.php?rest_route=\/wp\/v2\/types\/post"}],"author":[{"embeddable":true,"href":"https:\/\/pontocomletra.nossopapel.org.br\/index.php?rest_route=\/wp\/v2\/users\/2"}],"replies":[{"embeddable":true,"href":"https:\/\/pontocomletra.nossopapel.org.br\/index.php?rest_route=%2Fwp%2Fv2%2Fcomments&post=1569"}],"version-history":[{"count":2,"href":"https:\/\/pontocomletra.nossopapel.org.br\/index.php?rest_route=\/wp\/v2\/posts\/1569\/revisions"}],"predecessor-version":[{"id":1571,"href":"https:\/\/pontocomletra.nossopapel.org.br\/index.php?rest_route=\/wp\/v2\/posts\/1569\/revisions\/1571"}],"wp:featuredmedia":[{"embeddable":true,"href":"https:\/\/pontocomletra.nossopapel.org.br\/index.php?rest_route=\/wp\/v2\/media\/1553"}],"wp:attachment":[{"href":"https:\/\/pontocomletra.nossopapel.org.br\/index.php?rest_route=%2Fwp%2Fv2%2Fmedia&parent=1569"}],"wp:term":[{"taxonomy":"category","embeddable":true,"href":"https:\/\/pontocomletra.nossopapel.org.br\/index.php?rest_route=%2Fwp%2Fv2%2Fcategories&post=1569"},{"taxonomy":"post_tag","embeddable":true,"href":"https:\/\/pontocomletra.nossopapel.org.br\/index.php?rest_route=%2Fwp%2Fv2%2Ftags&post=1569"}],"curies":[{"name":"wp","href":"https:\/\/api.w.org\/{rel}","templated":true}]}}