{"id":1565,"date":"2025-11-21T07:44:08","date_gmt":"2025-11-21T10:44:08","guid":{"rendered":"http:\/\/pontocomletra.nossopapel.org.br\/?p=1565"},"modified":"2025-11-21T07:55:57","modified_gmt":"2025-11-21T10:55:57","slug":"severino-honorato-entrevista-com-poetas-e-escritores","status":"publish","type":"post","link":"https:\/\/pontocomletra.nossopapel.org.br\/?p=1565","title":{"rendered":"SEVERINO HONORATO &#8211; Entrevista com poetas e escritores"},"content":{"rendered":"\n<p>Entrevista com o poeta cordelista, Severino Honorato<\/p>\n\n\n\n<p><\/p>\n\n\n\n<iframe loading=\"lazy\" width=\"560\" height=\"315\" src=\"https:\/\/www.youtube.com\/embed\/zBEYOLomMpk?si=DtXDm7qX-57ixD_h\" title=\"YouTube video player\" frameborder=\"0\" allow=\"accelerometer; autoplay; clipboard-write; encrypted-media; gyroscope; picture-in-picture; web-share\" referrerpolicy=\"strict-origin-when-cross-origin\" allowfullscreen><\/iframe>\n\n\n\n<figure class=\"wp-block-image size-large\"><img loading=\"lazy\" decoding=\"async\" width=\"1024\" height=\"1024\" src=\"http:\/\/pontocomletra.nossopapel.org.br\/wp-content\/uploads\/2025\/11\/IMG-20251121-WA0015-1024x1024.jpg\" alt=\"\" class=\"wp-image-1547\" srcset=\"https:\/\/pontocomletra.nossopapel.org.br\/wp-content\/uploads\/2025\/11\/IMG-20251121-WA0015-1024x1024.jpg 1024w, https:\/\/pontocomletra.nossopapel.org.br\/wp-content\/uploads\/2025\/11\/IMG-20251121-WA0015-300x300.jpg 300w, https:\/\/pontocomletra.nossopapel.org.br\/wp-content\/uploads\/2025\/11\/IMG-20251121-WA0015-150x150.jpg 150w, https:\/\/pontocomletra.nossopapel.org.br\/wp-content\/uploads\/2025\/11\/IMG-20251121-WA0015-768x768.jpg 768w, https:\/\/pontocomletra.nossopapel.org.br\/wp-content\/uploads\/2025\/11\/IMG-20251121-WA0015-1536x1536.jpg 1536w, https:\/\/pontocomletra.nossopapel.org.br\/wp-content\/uploads\/2025\/11\/IMG-20251121-WA0015-2048x2048.jpg 2048w\" sizes=\"auto, (max-width: 1024px) 100vw, 1024px\" \/><\/figure>\n\n\n\n<p><\/p>\n\n\n\n<p>Governo federal, Minist\u00e9rio da Cultura, Prefeitura do Rio, Secretaria Municipal de Cultura apresentam o Festival Ponto com Letra Escritores em A\u00e7\u00e3o &#8211; Rio Capital Mundial do Livro2025. Entrevistas com poetas e escritores..<\/p>\n","protected":false},"excerpt":{"rendered":"<p>Entrevista com o poeta cordelista, Severino Honorato Governo federal, Minist\u00e9rio da Cultura, Prefeitura do Rio, Secretaria Municipal de Cultura apresentam<\/p>\n","protected":false},"author":2,"featured_media":1547,"comment_status":"open","ping_status":"open","sticky":false,"template":"","format":"standard","meta":{"colormag_page_layout":"default_layout","_editorskit_title_hidden":false,"_editorskit_reading_time":0,"_editorskit_is_block_options_detached":false,"_editorskit_block_options_position":"{}","footnotes":""},"categories":[1],"tags":[203,13,12,11,9,109],"class_list":["post-1565","post","type-post","status-publish","format-standard","has-post-thumbnail","hentry","category-sem-categoria","tag-cordel","tag-escritoresemacao","tag-festivalpontocomletra","tag-paqueta","tag-riocapitalmundialdolivro","tag-saraus"],"_links":{"self":[{"href":"https:\/\/pontocomletra.nossopapel.org.br\/index.php?rest_route=\/wp\/v2\/posts\/1565","targetHints":{"allow":["GET"]}}],"collection":[{"href":"https:\/\/pontocomletra.nossopapel.org.br\/index.php?rest_route=\/wp\/v2\/posts"}],"about":[{"href":"https:\/\/pontocomletra.nossopapel.org.br\/index.php?rest_route=\/wp\/v2\/types\/post"}],"author":[{"embeddable":true,"href":"https:\/\/pontocomletra.nossopapel.org.br\/index.php?rest_route=\/wp\/v2\/users\/2"}],"replies":[{"embeddable":true,"href":"https:\/\/pontocomletra.nossopapel.org.br\/index.php?rest_route=%2Fwp%2Fv2%2Fcomments&post=1565"}],"version-history":[{"count":2,"href":"https:\/\/pontocomletra.nossopapel.org.br\/index.php?rest_route=\/wp\/v2\/posts\/1565\/revisions"}],"predecessor-version":[{"id":1694,"href":"https:\/\/pontocomletra.nossopapel.org.br\/index.php?rest_route=\/wp\/v2\/posts\/1565\/revisions\/1694"}],"wp:featuredmedia":[{"embeddable":true,"href":"https:\/\/pontocomletra.nossopapel.org.br\/index.php?rest_route=\/wp\/v2\/media\/1547"}],"wp:attachment":[{"href":"https:\/\/pontocomletra.nossopapel.org.br\/index.php?rest_route=%2Fwp%2Fv2%2Fmedia&parent=1565"}],"wp:term":[{"taxonomy":"category","embeddable":true,"href":"https:\/\/pontocomletra.nossopapel.org.br\/index.php?rest_route=%2Fwp%2Fv2%2Fcategories&post=1565"},{"taxonomy":"post_tag","embeddable":true,"href":"https:\/\/pontocomletra.nossopapel.org.br\/index.php?rest_route=%2Fwp%2Fv2%2Ftags&post=1565"}],"curies":[{"name":"wp","href":"https:\/\/api.w.org\/{rel}","templated":true}]}}