{"id":1439,"date":"2025-10-17T07:30:52","date_gmt":"2025-10-17T10:30:52","guid":{"rendered":"https:\/\/pontocomletra.nossopapel.org.br\/?p=1439"},"modified":"2025-10-17T07:30:55","modified_gmt":"2025-10-17T10:30:55","slug":"sarau-letras-da-favela","status":"publish","type":"post","link":"https:\/\/pontocomletra.nossopapel.org.br\/?p=1439","title":{"rendered":"SARAU LETRAS DA FAVELA"},"content":{"rendered":"\n<p>  Joilson Pinheiro \u00e9 o criador do Sarau Letras da Favela, na Rocinha, onde re\u00fane artistas e convidados de outras favelas e iniciativas culturais. O programa \u00e9 sempre acompanhado por m\u00fasica, poemas, teatro, lan\u00e7amento de livros e outras manifesta\u00e7\u00f5es culturais. A iniciativa oferece a oportunidade para quem quiser mostrar seus talentos.O Sarau foi iniciado na Biblioteca Parque da Rocinha em 2012 onde funcionou at\u00e9 2016 e posteriormente passou a ocupar outros espa\u00e7os na comunidade. Atualmente acontece no Restaurante Reservado, localizado na parte baixa da Rocinha.<\/p>\n\n\n\n<figure class=\"wp-block-image size-large\"><img loading=\"lazy\" decoding=\"async\" width=\"1024\" height=\"682\" src=\"https:\/\/pontocomletra.nossopapel.org.br\/wp-content\/uploads\/2025\/10\/IMG-20251017-WA0015-1024x682.jpg\" alt=\"\" class=\"wp-image-1440\" srcset=\"https:\/\/pontocomletra.nossopapel.org.br\/wp-content\/uploads\/2025\/10\/IMG-20251017-WA0015-1024x682.jpg 1024w, https:\/\/pontocomletra.nossopapel.org.br\/wp-content\/uploads\/2025\/10\/IMG-20251017-WA0015-300x200.jpg 300w, https:\/\/pontocomletra.nossopapel.org.br\/wp-content\/uploads\/2025\/10\/IMG-20251017-WA0015-768x512.jpg 768w, https:\/\/pontocomletra.nossopapel.org.br\/wp-content\/uploads\/2025\/10\/IMG-20251017-WA0015.jpg 1280w\" sizes=\"auto, (max-width: 1024px) 100vw, 1024px\" \/><\/figure>\n\n\n\n<p><\/p>\n\n\n\n<figure class=\"wp-block-gallery has-nested-images columns-default is-cropped wp-block-gallery-1 is-layout-flex wp-block-gallery-is-layout-flex\">\n<figure class=\"wp-block-image size-large\"><img loading=\"lazy\" decoding=\"async\" width=\"1024\" height=\"682\" data-id=\"1441\" src=\"https:\/\/pontocomletra.nossopapel.org.br\/wp-content\/uploads\/2025\/10\/IMG-20251017-WA0018-1024x682.jpg\" alt=\"\" class=\"wp-image-1441\" srcset=\"https:\/\/pontocomletra.nossopapel.org.br\/wp-content\/uploads\/2025\/10\/IMG-20251017-WA0018-1024x682.jpg 1024w, https:\/\/pontocomletra.nossopapel.org.br\/wp-content\/uploads\/2025\/10\/IMG-20251017-WA0018-300x200.jpg 300w, https:\/\/pontocomletra.nossopapel.org.br\/wp-content\/uploads\/2025\/10\/IMG-20251017-WA0018-768x512.jpg 768w, https:\/\/pontocomletra.nossopapel.org.br\/wp-content\/uploads\/2025\/10\/IMG-20251017-WA0018.jpg 1280w\" sizes=\"auto, (max-width: 1024px) 100vw, 1024px\" \/><\/figure>\n\n\n\n<figure class=\"wp-block-image size-large\"><img loading=\"lazy\" decoding=\"async\" width=\"1024\" height=\"682\" data-id=\"1442\" src=\"https:\/\/pontocomletra.nossopapel.org.br\/wp-content\/uploads\/2025\/10\/IMG-20251017-WA0013-1024x682.jpg\" alt=\"\" class=\"wp-image-1442\" srcset=\"https:\/\/pontocomletra.nossopapel.org.br\/wp-content\/uploads\/2025\/10\/IMG-20251017-WA0013-1024x682.jpg 1024w, https:\/\/pontocomletra.nossopapel.org.br\/wp-content\/uploads\/2025\/10\/IMG-20251017-WA0013-300x200.jpg 300w, https:\/\/pontocomletra.nossopapel.org.br\/wp-content\/uploads\/2025\/10\/IMG-20251017-WA0013-768x512.jpg 768w, https:\/\/pontocomletra.nossopapel.org.br\/wp-content\/uploads\/2025\/10\/IMG-20251017-WA0013.jpg 1280w\" sizes=\"auto, (max-width: 1024px) 100vw, 1024px\" \/><\/figure>\n<\/figure>\n\n\n\n<p><\/p>\n\n\n\n<figure class=\"wp-block-image size-large\"><img loading=\"lazy\" decoding=\"async\" width=\"1024\" height=\"682\" src=\"https:\/\/pontocomletra.nossopapel.org.br\/wp-content\/uploads\/2025\/10\/IMG-20251017-WA0019-1024x682.jpg\" alt=\"\" class=\"wp-image-1443\" srcset=\"https:\/\/pontocomletra.nossopapel.org.br\/wp-content\/uploads\/2025\/10\/IMG-20251017-WA0019-1024x682.jpg 1024w, https:\/\/pontocomletra.nossopapel.org.br\/wp-content\/uploads\/2025\/10\/IMG-20251017-WA0019-300x200.jpg 300w, https:\/\/pontocomletra.nossopapel.org.br\/wp-content\/uploads\/2025\/10\/IMG-20251017-WA0019-768x512.jpg 768w, https:\/\/pontocomletra.nossopapel.org.br\/wp-content\/uploads\/2025\/10\/IMG-20251017-WA0019.jpg 1280w\" sizes=\"auto, (max-width: 1024px) 100vw, 1024px\" \/><\/figure>\n\n\n\n<p><\/p>\n\n\n\n<figure class=\"wp-block-gallery has-nested-images columns-default is-cropped wp-block-gallery-2 is-layout-flex wp-block-gallery-is-layout-flex\">\n<figure class=\"wp-block-image size-large\"><img loading=\"lazy\" decoding=\"async\" width=\"1024\" height=\"682\" data-id=\"1444\" src=\"https:\/\/pontocomletra.nossopapel.org.br\/wp-content\/uploads\/2025\/10\/IMG-20251017-WA0012-1024x682.jpg\" alt=\"\" class=\"wp-image-1444\" srcset=\"https:\/\/pontocomletra.nossopapel.org.br\/wp-content\/uploads\/2025\/10\/IMG-20251017-WA0012-1024x682.jpg 1024w, https:\/\/pontocomletra.nossopapel.org.br\/wp-content\/uploads\/2025\/10\/IMG-20251017-WA0012-300x200.jpg 300w, https:\/\/pontocomletra.nossopapel.org.br\/wp-content\/uploads\/2025\/10\/IMG-20251017-WA0012-768x512.jpg 768w, https:\/\/pontocomletra.nossopapel.org.br\/wp-content\/uploads\/2025\/10\/IMG-20251017-WA0012.jpg 1280w\" sizes=\"auto, (max-width: 1024px) 100vw, 1024px\" \/><\/figure>\n\n\n\n<figure class=\"wp-block-image size-large\"><img loading=\"lazy\" decoding=\"async\" width=\"1024\" height=\"682\" data-id=\"1445\" src=\"https:\/\/pontocomletra.nossopapel.org.br\/wp-content\/uploads\/2025\/10\/IMG-20251017-WA0016-1024x682.jpg\" alt=\"\" class=\"wp-image-1445\" srcset=\"https:\/\/pontocomletra.nossopapel.org.br\/wp-content\/uploads\/2025\/10\/IMG-20251017-WA0016-1024x682.jpg 1024w, https:\/\/pontocomletra.nossopapel.org.br\/wp-content\/uploads\/2025\/10\/IMG-20251017-WA0016-300x200.jpg 300w, https:\/\/pontocomletra.nossopapel.org.br\/wp-content\/uploads\/2025\/10\/IMG-20251017-WA0016-768x512.jpg 768w, https:\/\/pontocomletra.nossopapel.org.br\/wp-content\/uploads\/2025\/10\/IMG-20251017-WA0016.jpg 1280w\" sizes=\"auto, (max-width: 1024px) 100vw, 1024px\" \/><\/figure>\n<\/figure>\n\n\n\n<p><\/p>\n\n\n\n<figure class=\"wp-block-gallery has-nested-images columns-default is-cropped wp-block-gallery-3 is-layout-flex wp-block-gallery-is-layout-flex\">\n<figure class=\"wp-block-image size-large\"><img loading=\"lazy\" decoding=\"async\" width=\"1024\" height=\"682\" data-id=\"1446\" src=\"https:\/\/pontocomletra.nossopapel.org.br\/wp-content\/uploads\/2025\/10\/IMG-20251017-WA0017-1024x682.jpg\" alt=\"\" class=\"wp-image-1446\" srcset=\"https:\/\/pontocomletra.nossopapel.org.br\/wp-content\/uploads\/2025\/10\/IMG-20251017-WA0017-1024x682.jpg 1024w, https:\/\/pontocomletra.nossopapel.org.br\/wp-content\/uploads\/2025\/10\/IMG-20251017-WA0017-300x200.jpg 300w, https:\/\/pontocomletra.nossopapel.org.br\/wp-content\/uploads\/2025\/10\/IMG-20251017-WA0017-768x512.jpg 768w, https:\/\/pontocomletra.nossopapel.org.br\/wp-content\/uploads\/2025\/10\/IMG-20251017-WA0017.jpg 1280w\" sizes=\"auto, (max-width: 1024px) 100vw, 1024px\" \/><\/figure>\n\n\n\n<figure class=\"wp-block-image size-large\"><img loading=\"lazy\" decoding=\"async\" width=\"1024\" height=\"1024\" data-id=\"1447\" src=\"https:\/\/pontocomletra.nossopapel.org.br\/wp-content\/uploads\/2025\/10\/IMG-20251017-WA0014-1024x1024.jpg\" alt=\"\" class=\"wp-image-1447\" srcset=\"https:\/\/pontocomletra.nossopapel.org.br\/wp-content\/uploads\/2025\/10\/IMG-20251017-WA0014-1024x1024.jpg 1024w, https:\/\/pontocomletra.nossopapel.org.br\/wp-content\/uploads\/2025\/10\/IMG-20251017-WA0014-300x300.jpg 300w, https:\/\/pontocomletra.nossopapel.org.br\/wp-content\/uploads\/2025\/10\/IMG-20251017-WA0014-150x150.jpg 150w, https:\/\/pontocomletra.nossopapel.org.br\/wp-content\/uploads\/2025\/10\/IMG-20251017-WA0014-768x768.jpg 768w, https:\/\/pontocomletra.nossopapel.org.br\/wp-content\/uploads\/2025\/10\/IMG-20251017-WA0014.jpg 1080w\" sizes=\"auto, (max-width: 1024px) 100vw, 1024px\" \/><\/figure>\n<\/figure>\n","protected":false},"excerpt":{"rendered":"<p>Joilson Pinheiro \u00e9 o criador do Sarau Letras da Favela, na Rocinha, onde re\u00fane artistas e convidados de outras favelas<\/p>\n","protected":false},"author":2,"featured_media":1447,"comment_status":"open","ping_status":"open","sticky":false,"template":"","format":"standard","meta":{"colormag_page_layout":"default_layout","_editorskit_title_hidden":false,"_editorskit_reading_time":0,"_editorskit_is_block_options_detached":false,"_editorskit_block_options_position":"{}","footnotes":""},"categories":[1],"tags":[],"class_list":["post-1439","post","type-post","status-publish","format-standard","has-post-thumbnail","hentry","category-sem-categoria"],"_links":{"self":[{"href":"https:\/\/pontocomletra.nossopapel.org.br\/index.php?rest_route=\/wp\/v2\/posts\/1439","targetHints":{"allow":["GET"]}}],"collection":[{"href":"https:\/\/pontocomletra.nossopapel.org.br\/index.php?rest_route=\/wp\/v2\/posts"}],"about":[{"href":"https:\/\/pontocomletra.nossopapel.org.br\/index.php?rest_route=\/wp\/v2\/types\/post"}],"author":[{"embeddable":true,"href":"https:\/\/pontocomletra.nossopapel.org.br\/index.php?rest_route=\/wp\/v2\/users\/2"}],"replies":[{"embeddable":true,"href":"https:\/\/pontocomletra.nossopapel.org.br\/index.php?rest_route=%2Fwp%2Fv2%2Fcomments&post=1439"}],"version-history":[{"count":1,"href":"https:\/\/pontocomletra.nossopapel.org.br\/index.php?rest_route=\/wp\/v2\/posts\/1439\/revisions"}],"predecessor-version":[{"id":1448,"href":"https:\/\/pontocomletra.nossopapel.org.br\/index.php?rest_route=\/wp\/v2\/posts\/1439\/revisions\/1448"}],"wp:featuredmedia":[{"embeddable":true,"href":"https:\/\/pontocomletra.nossopapel.org.br\/index.php?rest_route=\/wp\/v2\/media\/1447"}],"wp:attachment":[{"href":"https:\/\/pontocomletra.nossopapel.org.br\/index.php?rest_route=%2Fwp%2Fv2%2Fmedia&parent=1439"}],"wp:term":[{"taxonomy":"category","embeddable":true,"href":"https:\/\/pontocomletra.nossopapel.org.br\/index.php?rest_route=%2Fwp%2Fv2%2Fcategories&post=1439"},{"taxonomy":"post_tag","embeddable":true,"href":"https:\/\/pontocomletra.nossopapel.org.br\/index.php?rest_route=%2Fwp%2Fv2%2Ftags&post=1439"}],"curies":[{"name":"wp","href":"https:\/\/api.w.org\/{rel}","templated":true}]}}