{"id":1421,"date":"2025-10-17T07:26:10","date_gmt":"2025-10-17T10:26:10","guid":{"rendered":"http:\/\/pontocomletra.nossopapel.org.br\/?p=1421"},"modified":"2025-10-17T07:26:11","modified_gmt":"2025-10-17T10:26:11","slug":"sarau-ode-ao-poeta","status":"publish","type":"post","link":"https:\/\/pontocomletra.nossopapel.org.br\/?p=1421","title":{"rendered":"Sarau Ode ao Poeta"},"content":{"rendered":"\n<p>   Igor Calazans, coordenador do Sarau Ode ao Poeta, \u00e9 natural de Niter\u00f3i, Rio de Janeiro, jornalista e poeta. Foi considerado em 2014, atrav\u00e9s do &#8220;Concurso Nacional Novos Poetas&#8221; com premia\u00e7\u00e3o realizada pela Editora Vivara junto com a Rede Brasil, uma das tr\u00eas principais revela\u00e7\u00f5es da poesia brasileira, com o poema Grito da Liberdade. \u00c9 neto do poeta Nemecio Calazans, falecido em 2002, presidente e um dos membros fundadores do cen\u00e1rio fluminense de Hist\u00f3rias e Letras.<\/p>\n\n\n\n<figure class=\"wp-block-image size-large\"><img loading=\"lazy\" decoding=\"async\" width=\"768\" height=\"1024\" src=\"http:\/\/pontocomletra.nossopapel.org.br\/wp-content\/uploads\/2025\/10\/WhatsApp-Image-2025-10-15-at-14.38.39-768x1024.jpeg\" alt=\"\" class=\"wp-image-1422\" srcset=\"https:\/\/pontocomletra.nossopapel.org.br\/wp-content\/uploads\/2025\/10\/WhatsApp-Image-2025-10-15-at-14.38.39-768x1024.jpeg 768w, https:\/\/pontocomletra.nossopapel.org.br\/wp-content\/uploads\/2025\/10\/WhatsApp-Image-2025-10-15-at-14.38.39-225x300.jpeg 225w, https:\/\/pontocomletra.nossopapel.org.br\/wp-content\/uploads\/2025\/10\/WhatsApp-Image-2025-10-15-at-14.38.39.jpeg 960w\" sizes=\"auto, (max-width: 768px) 100vw, 768px\" \/><\/figure>\n\n\n\n<p><\/p>\n\n\n\n<figure class=\"wp-block-gallery has-nested-images columns-default is-cropped wp-block-gallery-1 is-layout-flex wp-block-gallery-is-layout-flex\">\n<figure class=\"wp-block-image size-large\"><img loading=\"lazy\" decoding=\"async\" width=\"575\" height=\"1024\" data-id=\"1424\" src=\"http:\/\/pontocomletra.nossopapel.org.br\/wp-content\/uploads\/2025\/10\/WhatsApp-Image-2025-10-15-at-14.40.20-1-575x1024.jpeg\" alt=\"\" class=\"wp-image-1424\" srcset=\"https:\/\/pontocomletra.nossopapel.org.br\/wp-content\/uploads\/2025\/10\/WhatsApp-Image-2025-10-15-at-14.40.20-1-575x1024.jpeg 575w, https:\/\/pontocomletra.nossopapel.org.br\/wp-content\/uploads\/2025\/10\/WhatsApp-Image-2025-10-15-at-14.40.20-1-169x300.jpeg 169w, https:\/\/pontocomletra.nossopapel.org.br\/wp-content\/uploads\/2025\/10\/WhatsApp-Image-2025-10-15-at-14.40.20-1.jpeg 719w\" sizes=\"auto, (max-width: 575px) 100vw, 575px\" \/><\/figure>\n\n\n\n<figure class=\"wp-block-image size-large\"><img loading=\"lazy\" decoding=\"async\" width=\"1024\" height=\"768\" data-id=\"1423\" src=\"http:\/\/pontocomletra.nossopapel.org.br\/wp-content\/uploads\/2025\/10\/WhatsApp-Image-2025-10-15-at-14.40.20-2-1024x768.jpeg\" alt=\"\" class=\"wp-image-1423\" srcset=\"https:\/\/pontocomletra.nossopapel.org.br\/wp-content\/uploads\/2025\/10\/WhatsApp-Image-2025-10-15-at-14.40.20-2-1024x768.jpeg 1024w, https:\/\/pontocomletra.nossopapel.org.br\/wp-content\/uploads\/2025\/10\/WhatsApp-Image-2025-10-15-at-14.40.20-2-300x225.jpeg 300w, https:\/\/pontocomletra.nossopapel.org.br\/wp-content\/uploads\/2025\/10\/WhatsApp-Image-2025-10-15-at-14.40.20-2-768x576.jpeg 768w, https:\/\/pontocomletra.nossopapel.org.br\/wp-content\/uploads\/2025\/10\/WhatsApp-Image-2025-10-15-at-14.40.20-2.jpeg 1280w\" sizes=\"auto, (max-width: 1024px) 100vw, 1024px\" \/><\/figure>\n<\/figure>\n\n\n\n<p><\/p>\n\n\n\n<figure class=\"wp-block-gallery has-nested-images columns-default is-cropped wp-block-gallery-2 is-layout-flex wp-block-gallery-is-layout-flex\">\n<figure class=\"wp-block-image size-large\"><img loading=\"lazy\" decoding=\"async\" width=\"1024\" height=\"768\" data-id=\"1425\" src=\"http:\/\/pontocomletra.nossopapel.org.br\/wp-content\/uploads\/2025\/10\/WhatsApp-Image-2025-10-15-at-14.40.20-1024x768.jpeg\" alt=\"\" class=\"wp-image-1425\" srcset=\"https:\/\/pontocomletra.nossopapel.org.br\/wp-content\/uploads\/2025\/10\/WhatsApp-Image-2025-10-15-at-14.40.20-1024x768.jpeg 1024w, https:\/\/pontocomletra.nossopapel.org.br\/wp-content\/uploads\/2025\/10\/WhatsApp-Image-2025-10-15-at-14.40.20-300x225.jpeg 300w, https:\/\/pontocomletra.nossopapel.org.br\/wp-content\/uploads\/2025\/10\/WhatsApp-Image-2025-10-15-at-14.40.20-768x576.jpeg 768w, https:\/\/pontocomletra.nossopapel.org.br\/wp-content\/uploads\/2025\/10\/WhatsApp-Image-2025-10-15-at-14.40.20.jpeg 1280w\" sizes=\"auto, (max-width: 1024px) 100vw, 1024px\" \/><\/figure>\n\n\n\n<figure class=\"wp-block-image size-large\"><img loading=\"lazy\" decoding=\"async\" width=\"768\" height=\"1024\" data-id=\"1426\" src=\"http:\/\/pontocomletra.nossopapel.org.br\/wp-content\/uploads\/2025\/10\/WhatsApp-Image-2025-10-15-at-14.40.21-1-768x1024.jpeg\" alt=\"\" class=\"wp-image-1426\" srcset=\"https:\/\/pontocomletra.nossopapel.org.br\/wp-content\/uploads\/2025\/10\/WhatsApp-Image-2025-10-15-at-14.40.21-1-768x1024.jpeg 768w, https:\/\/pontocomletra.nossopapel.org.br\/wp-content\/uploads\/2025\/10\/WhatsApp-Image-2025-10-15-at-14.40.21-1-225x300.jpeg 225w, https:\/\/pontocomletra.nossopapel.org.br\/wp-content\/uploads\/2025\/10\/WhatsApp-Image-2025-10-15-at-14.40.21-1.jpeg 960w\" sizes=\"auto, (max-width: 768px) 100vw, 768px\" \/><\/figure>\n<\/figure>\n\n\n\n<p><\/p>\n\n\n","protected":false},"excerpt":{"rendered":"<p>Igor Calazans, coordenador do Sarau Ode ao Poeta, \u00e9 natural de Niter\u00f3i, Rio de Janeiro, jornalista e poeta. Foi considerado<\/p>\n","protected":false},"author":2,"featured_media":1423,"comment_status":"open","ping_status":"open","sticky":false,"template":"","format":"standard","meta":{"colormag_page_layout":"default_layout","_editorskit_title_hidden":false,"_editorskit_reading_time":0,"_editorskit_is_block_options_detached":false,"_editorskit_block_options_position":"{}","footnotes":""},"categories":[1],"tags":[],"class_list":["post-1421","post","type-post","status-publish","format-standard","has-post-thumbnail","hentry","category-sem-categoria"],"_links":{"self":[{"href":"https:\/\/pontocomletra.nossopapel.org.br\/index.php?rest_route=\/wp\/v2\/posts\/1421","targetHints":{"allow":["GET"]}}],"collection":[{"href":"https:\/\/pontocomletra.nossopapel.org.br\/index.php?rest_route=\/wp\/v2\/posts"}],"about":[{"href":"https:\/\/pontocomletra.nossopapel.org.br\/index.php?rest_route=\/wp\/v2\/types\/post"}],"author":[{"embeddable":true,"href":"https:\/\/pontocomletra.nossopapel.org.br\/index.php?rest_route=\/wp\/v2\/users\/2"}],"replies":[{"embeddable":true,"href":"https:\/\/pontocomletra.nossopapel.org.br\/index.php?rest_route=%2Fwp%2Fv2%2Fcomments&post=1421"}],"version-history":[{"count":1,"href":"https:\/\/pontocomletra.nossopapel.org.br\/index.php?rest_route=\/wp\/v2\/posts\/1421\/revisions"}],"predecessor-version":[{"id":1438,"href":"https:\/\/pontocomletra.nossopapel.org.br\/index.php?rest_route=\/wp\/v2\/posts\/1421\/revisions\/1438"}],"wp:featuredmedia":[{"embeddable":true,"href":"https:\/\/pontocomletra.nossopapel.org.br\/index.php?rest_route=\/wp\/v2\/media\/1423"}],"wp:attachment":[{"href":"https:\/\/pontocomletra.nossopapel.org.br\/index.php?rest_route=%2Fwp%2Fv2%2Fmedia&parent=1421"}],"wp:term":[{"taxonomy":"category","embeddable":true,"href":"https:\/\/pontocomletra.nossopapel.org.br\/index.php?rest_route=%2Fwp%2Fv2%2Fcategories&post=1421"},{"taxonomy":"post_tag","embeddable":true,"href":"https:\/\/pontocomletra.nossopapel.org.br\/index.php?rest_route=%2Fwp%2Fv2%2Ftags&post=1421"}],"curies":[{"name":"wp","href":"https:\/\/api.w.org\/{rel}","templated":true}]}}