{"id":1400,"date":"2025-10-17T07:02:08","date_gmt":"2025-10-17T10:02:08","guid":{"rendered":"http:\/\/pontocomletra.nossopapel.org.br\/?p=1400"},"modified":"2025-10-17T07:02:09","modified_gmt":"2025-10-17T10:02:09","slug":"mosaico-cultural","status":"publish","type":"post","link":"https:\/\/pontocomletra.nossopapel.org.br\/?p=1400","title":{"rendered":"MOSAICO CULTURAL"},"content":{"rendered":"\n<p>    O Mosaico Cultural foi criado em 14 de dezembro de 2005 por iniciativa de Francisco Caldas e Nina Fernandes. \u00c9 um projeto sem fins lucrativos que visa promover, divulgar e apoiar a Literatura e as Artes. Inicialmente come\u00e7amos com visitas \u00e0s institui\u00e7\u00f5es de abrigos para idosos, levando m\u00fasicas, performances, estimulando os idosos a interagir, lembrando comerciais das r\u00e1dios, m\u00fasicas antigas. Confeccion\u00e1vamos figurinos, faz\u00edamos auto de Natal com a colabora\u00e7\u00e3o de volunt\u00e1rios, na Ladeira dos Tabajaras, no Abrigo Teresa Cristina, em postos de sa\u00fade, oferec\u00edamos certificados de agradecimento pela participa\u00e7\u00e3o. No per\u00edodo em que \u00e0s Casas de Conviv\u00eancias da prefeitura do Rio de Janeiro estavam sendo implantadas, apresent\u00e1vamos duas oficinas de artes na Casa Darcy Gon\u00e7alves, em Copacabana. \u00c0s quartas-feiras o &#8220;Criando&amp; Reinventando&#8221;, fazendo raquetes musicais com a participa\u00e7\u00e3o dos usu\u00e1rios da Casa. \u00c0s sextas-feiras o &#8220;Entrevistando Personalidades&#8221;, que entrevistava um usu\u00e1rio da Casa, para colher \u00e0s informa\u00e7\u00f5es que seriam usadas na entrevista, respeitando o que n\u00e3o deveria ser perguntado. Oferec\u00edamos um certificado de participa\u00e7\u00e3o, e para as senhoras, um pequeno vaso de flores. Sem patroc\u00ednio, nem das institui\u00e7\u00f5es. O Mosaico Cultural esse ano comemora 20 anos e continua com seu projeto trabalhando intensamente, divulgando, promovendo e apoiando a literatura e as artes.<br>Nina Fernandes-jornalista, escritora, compositora, cantora e fot\u00f3grafa. Colunista dos jornais, Posto Seis, e Terra da Gente. Vice-presidente de Rela\u00e7\u00f5es P\u00fablicas da UBT-Rio.Membro Oficial da Rede Sem Fronteiras.Membro da ABRAMES, da Academia Luso-Brasileira de Letras. Membro da UBE\/RJ.Artilheira da Cultura do Centro de Literatura do Forte de Copacabana. Membro do C\u00edrculo Liter\u00e1rio do Clube Naval. Associada a AJEB-RJ.<\/p>\n\n\n\n<figure class=\"wp-block-image size-full\"><img loading=\"lazy\" decoding=\"async\" width=\"825\" height=\"833\" src=\"http:\/\/pontocomletra.nossopapel.org.br\/wp-content\/uploads\/2025\/10\/WhatsApp-Image-2025-10-15-at-14.18.14.jpeg\" alt=\"\" class=\"wp-image-1401\" srcset=\"https:\/\/pontocomletra.nossopapel.org.br\/wp-content\/uploads\/2025\/10\/WhatsApp-Image-2025-10-15-at-14.18.14.jpeg 825w, https:\/\/pontocomletra.nossopapel.org.br\/wp-content\/uploads\/2025\/10\/WhatsApp-Image-2025-10-15-at-14.18.14-297x300.jpeg 297w, https:\/\/pontocomletra.nossopapel.org.br\/wp-content\/uploads\/2025\/10\/WhatsApp-Image-2025-10-15-at-14.18.14-150x150.jpeg 150w, https:\/\/pontocomletra.nossopapel.org.br\/wp-content\/uploads\/2025\/10\/WhatsApp-Image-2025-10-15-at-14.18.14-768x775.jpeg 768w\" sizes=\"auto, (max-width: 825px) 100vw, 825px\" \/><\/figure>\n","protected":false},"excerpt":{"rendered":"<p>O Mosaico Cultural foi criado em 14 de dezembro de 2005 por iniciativa de Francisco Caldas e Nina Fernandes. \u00c9<\/p>\n","protected":false},"author":2,"featured_media":1401,"comment_status":"open","ping_status":"open","sticky":false,"template":"","format":"standard","meta":{"colormag_page_layout":"default_layout","_editorskit_title_hidden":false,"_editorskit_reading_time":0,"_editorskit_is_block_options_detached":false,"_editorskit_block_options_position":"{}","footnotes":""},"categories":[1],"tags":[],"class_list":["post-1400","post","type-post","status-publish","format-standard","has-post-thumbnail","hentry","category-sem-categoria"],"_links":{"self":[{"href":"https:\/\/pontocomletra.nossopapel.org.br\/index.php?rest_route=\/wp\/v2\/posts\/1400","targetHints":{"allow":["GET"]}}],"collection":[{"href":"https:\/\/pontocomletra.nossopapel.org.br\/index.php?rest_route=\/wp\/v2\/posts"}],"about":[{"href":"https:\/\/pontocomletra.nossopapel.org.br\/index.php?rest_route=\/wp\/v2\/types\/post"}],"author":[{"embeddable":true,"href":"https:\/\/pontocomletra.nossopapel.org.br\/index.php?rest_route=\/wp\/v2\/users\/2"}],"replies":[{"embeddable":true,"href":"https:\/\/pontocomletra.nossopapel.org.br\/index.php?rest_route=%2Fwp%2Fv2%2Fcomments&post=1400"}],"version-history":[{"count":2,"href":"https:\/\/pontocomletra.nossopapel.org.br\/index.php?rest_route=\/wp\/v2\/posts\/1400\/revisions"}],"predecessor-version":[{"id":1719,"href":"https:\/\/pontocomletra.nossopapel.org.br\/index.php?rest_route=\/wp\/v2\/posts\/1400\/revisions\/1719"}],"wp:featuredmedia":[{"embeddable":true,"href":"https:\/\/pontocomletra.nossopapel.org.br\/index.php?rest_route=\/wp\/v2\/media\/1401"}],"wp:attachment":[{"href":"https:\/\/pontocomletra.nossopapel.org.br\/index.php?rest_route=%2Fwp%2Fv2%2Fmedia&parent=1400"}],"wp:term":[{"taxonomy":"category","embeddable":true,"href":"https:\/\/pontocomletra.nossopapel.org.br\/index.php?rest_route=%2Fwp%2Fv2%2Fcategories&post=1400"},{"taxonomy":"post_tag","embeddable":true,"href":"https:\/\/pontocomletra.nossopapel.org.br\/index.php?rest_route=%2Fwp%2Fv2%2Ftags&post=1400"}],"curies":[{"name":"wp","href":"https:\/\/api.w.org\/{rel}","templated":true}]}}