{"id":1375,"date":"2025-10-07T08:53:30","date_gmt":"2025-10-07T11:53:30","guid":{"rendered":"https:\/\/pontocomletra.nossopapel.org.br\/?p=1375"},"modified":"2025-10-07T08:53:31","modified_gmt":"2025-10-07T11:53:31","slug":"a-raposa-e-a-cegonha-mozart-carvalho","status":"publish","type":"post","link":"https:\/\/pontocomletra.nossopapel.org.br\/?p=1375","title":{"rendered":"A RAPOSA E A CEGONHA &#8211; Mozart Carvalho"},"content":{"rendered":"\n<p><\/p>\n\n\n\n<p> A Raposa e a Cegonha, Mozart CarvalhoOficina Editores\/Rio de Janeiro, 2012, 42 p\u00e1ginas, 21x21cmCarioca. Professor universit\u00e1rio. Mestre em Humanidades, Culturas e Artes. O segundo da s\u00e9rie da Cole\u00e7\u00e3o F\u00e1bulas, Lendas e Mitos &#8211; S\u00e9rie EsopoLendo MOZART CARVALHO Junto a um m\u00e1gico carvalho \/ sonhava um amigo meu \/ \u2013 o nome dele \u00e9 Mozart \u2013 \/ com a f\u00e1bula do cervo \/ e o lago de fabular. \/ T\u00e3o s\u00e1bio tudo ficava, \/ se fez tudo t\u00e3o bonito \/ que o cora\u00e7\u00e3o de quem lia \/ virou quase que outra f\u00e1bula. \/ Mas Mozart queria mais. \/ E Mozart abriu os ouvidos \/ para a f\u00e1bula escutar: \/ \u2013 V\u00f3, minha v\u00f3, vovozinha, \/ conta outra f\u00e1bula mais. \/ Essa f\u00e1bula \u00e9 uma hist\u00f3ria \/ que n\u00e3o se esquece jamais. \/ \u2013 A da raposa e a cegonha? \/ \u2013 Essa mesma que h\u00e1 no livro \/ dos desenhos de encantar. \/ \u2013 Est\u00e1 bem, meu neto, sonha. \/ Eu tamb\u00e9m quero sonhar.Stella Leonardos Secret\u00e1ria-geral da UBE\/RJ<\/p>\n\n\n\n<figure class=\"wp-block-image size-full\"><img loading=\"lazy\" decoding=\"async\" width=\"800\" height=\"805\" src=\"http:\/\/pontocomletra.nossopapel.org.br\/wp-content\/uploads\/2025\/10\/IMG-20251007-WA00151.jpg\" alt=\"\" class=\"wp-image-1376\" srcset=\"https:\/\/pontocomletra.nossopapel.org.br\/wp-content\/uploads\/2025\/10\/IMG-20251007-WA00151.jpg 800w, https:\/\/pontocomletra.nossopapel.org.br\/wp-content\/uploads\/2025\/10\/IMG-20251007-WA00151-298x300.jpg 298w, https:\/\/pontocomletra.nossopapel.org.br\/wp-content\/uploads\/2025\/10\/IMG-20251007-WA00151-150x150.jpg 150w, https:\/\/pontocomletra.nossopapel.org.br\/wp-content\/uploads\/2025\/10\/IMG-20251007-WA00151-768x773.jpg 768w\" sizes=\"auto, (max-width: 800px) 100vw, 800px\" \/><\/figure>\n","protected":false},"excerpt":{"rendered":"<p>A Raposa e a Cegonha, Mozart CarvalhoOficina Editores\/Rio de Janeiro, 2012, 42 p\u00e1ginas, 21x21cmCarioca. Professor universit\u00e1rio. Mestre em Humanidades, Culturas<\/p>\n","protected":false},"author":2,"featured_media":1376,"comment_status":"open","ping_status":"open","sticky":false,"template":"","format":"standard","meta":{"colormag_page_layout":"default_layout","_editorskit_title_hidden":false,"_editorskit_reading_time":0,"_editorskit_is_block_options_detached":false,"_editorskit_block_options_position":"{}","footnotes":""},"categories":[1],"tags":[],"class_list":["post-1375","post","type-post","status-publish","format-standard","has-post-thumbnail","hentry","category-sem-categoria"],"_links":{"self":[{"href":"https:\/\/pontocomletra.nossopapel.org.br\/index.php?rest_route=\/wp\/v2\/posts\/1375","targetHints":{"allow":["GET"]}}],"collection":[{"href":"https:\/\/pontocomletra.nossopapel.org.br\/index.php?rest_route=\/wp\/v2\/posts"}],"about":[{"href":"https:\/\/pontocomletra.nossopapel.org.br\/index.php?rest_route=\/wp\/v2\/types\/post"}],"author":[{"embeddable":true,"href":"https:\/\/pontocomletra.nossopapel.org.br\/index.php?rest_route=\/wp\/v2\/users\/2"}],"replies":[{"embeddable":true,"href":"https:\/\/pontocomletra.nossopapel.org.br\/index.php?rest_route=%2Fwp%2Fv2%2Fcomments&post=1375"}],"version-history":[{"count":2,"href":"https:\/\/pontocomletra.nossopapel.org.br\/index.php?rest_route=\/wp\/v2\/posts\/1375\/revisions"}],"predecessor-version":[{"id":1393,"href":"https:\/\/pontocomletra.nossopapel.org.br\/index.php?rest_route=\/wp\/v2\/posts\/1375\/revisions\/1393"}],"wp:featuredmedia":[{"embeddable":true,"href":"https:\/\/pontocomletra.nossopapel.org.br\/index.php?rest_route=\/wp\/v2\/media\/1376"}],"wp:attachment":[{"href":"https:\/\/pontocomletra.nossopapel.org.br\/index.php?rest_route=%2Fwp%2Fv2%2Fmedia&parent=1375"}],"wp:term":[{"taxonomy":"category","embeddable":true,"href":"https:\/\/pontocomletra.nossopapel.org.br\/index.php?rest_route=%2Fwp%2Fv2%2Fcategories&post=1375"},{"taxonomy":"post_tag","embeddable":true,"href":"https:\/\/pontocomletra.nossopapel.org.br\/index.php?rest_route=%2Fwp%2Fv2%2Ftags&post=1375"}],"curies":[{"name":"wp","href":"https:\/\/api.w.org\/{rel}","templated":true}]}}