{"id":1326,"date":"2025-10-02T22:27:39","date_gmt":"2025-10-03T01:27:39","guid":{"rendered":"https:\/\/pontocomletra.nossopapel.org.br\/?p=1326"},"modified":"2025-10-02T22:27:40","modified_gmt":"2025-10-03T01:27:40","slug":"na-morada-do-tempo-celi-luz","status":"publish","type":"post","link":"https:\/\/pontocomletra.nossopapel.org.br\/?p=1326","title":{"rendered":"Na Morada do Tempo &#8211; Celi Luz"},"content":{"rendered":"\n<p>Na Morada do Tempo, 2021, 2a edi\u00e7\u00e3o<br>Ed. Oficina, Pr\u00eamio Livro In\u00e9dito, Concurso Internacional da UBE RJ<br>Poemas de Celi Luz sobre as inquieta\u00e7\u00f5es de tempo e espa\u00e7o.<\/p>\n\n\n\n<figure class=\"wp-block-image size-large\"><img loading=\"lazy\" decoding=\"async\" width=\"576\" height=\"1024\" src=\"http:\/\/pontocomletra.nossopapel.org.br\/wp-content\/uploads\/2025\/10\/IMG-20251002-WA0110-576x1024.jpg\" alt=\"\" class=\"wp-image-1327\" srcset=\"https:\/\/pontocomletra.nossopapel.org.br\/wp-content\/uploads\/2025\/10\/IMG-20251002-WA0110-576x1024.jpg 576w, https:\/\/pontocomletra.nossopapel.org.br\/wp-content\/uploads\/2025\/10\/IMG-20251002-WA0110-169x300.jpg 169w, https:\/\/pontocomletra.nossopapel.org.br\/wp-content\/uploads\/2025\/10\/IMG-20251002-WA0110-768x1365.jpg 768w, https:\/\/pontocomletra.nossopapel.org.br\/wp-content\/uploads\/2025\/10\/IMG-20251002-WA0110-864x1536.jpg 864w, https:\/\/pontocomletra.nossopapel.org.br\/wp-content\/uploads\/2025\/10\/IMG-20251002-WA0110.jpg 900w\" sizes=\"auto, (max-width: 576px) 100vw, 576px\" \/><\/figure>\n","protected":false},"excerpt":{"rendered":"<p>Na Morada do Tempo, 2021, 2a edi\u00e7\u00e3oEd. Oficina, Pr\u00eamio Livro In\u00e9dito, Concurso Internacional da UBE RJPoemas de Celi Luz sobre<\/p>\n","protected":false},"author":2,"featured_media":0,"comment_status":"open","ping_status":"open","sticky":false,"template":"","format":"standard","meta":{"colormag_page_layout":"default_layout","_editorskit_title_hidden":false,"_editorskit_reading_time":0,"_editorskit_is_block_options_detached":false,"_editorskit_block_options_position":"{}","footnotes":""},"categories":[1],"tags":[],"class_list":["post-1326","post","type-post","status-publish","format-standard","hentry","category-sem-categoria"],"_links":{"self":[{"href":"https:\/\/pontocomletra.nossopapel.org.br\/index.php?rest_route=\/wp\/v2\/posts\/1326","targetHints":{"allow":["GET"]}}],"collection":[{"href":"https:\/\/pontocomletra.nossopapel.org.br\/index.php?rest_route=\/wp\/v2\/posts"}],"about":[{"href":"https:\/\/pontocomletra.nossopapel.org.br\/index.php?rest_route=\/wp\/v2\/types\/post"}],"author":[{"embeddable":true,"href":"https:\/\/pontocomletra.nossopapel.org.br\/index.php?rest_route=\/wp\/v2\/users\/2"}],"replies":[{"embeddable":true,"href":"https:\/\/pontocomletra.nossopapel.org.br\/index.php?rest_route=%2Fwp%2Fv2%2Fcomments&post=1326"}],"version-history":[{"count":1,"href":"https:\/\/pontocomletra.nossopapel.org.br\/index.php?rest_route=\/wp\/v2\/posts\/1326\/revisions"}],"predecessor-version":[{"id":1328,"href":"https:\/\/pontocomletra.nossopapel.org.br\/index.php?rest_route=\/wp\/v2\/posts\/1326\/revisions\/1328"}],"wp:attachment":[{"href":"https:\/\/pontocomletra.nossopapel.org.br\/index.php?rest_route=%2Fwp%2Fv2%2Fmedia&parent=1326"}],"wp:term":[{"taxonomy":"category","embeddable":true,"href":"https:\/\/pontocomletra.nossopapel.org.br\/index.php?rest_route=%2Fwp%2Fv2%2Fcategories&post=1326"},{"taxonomy":"post_tag","embeddable":true,"href":"https:\/\/pontocomletra.nossopapel.org.br\/index.php?rest_route=%2Fwp%2Fv2%2Ftags&post=1326"}],"curies":[{"name":"wp","href":"https:\/\/api.w.org\/{rel}","templated":true}]}}