{"id":1147,"date":"2025-09-12T00:54:36","date_gmt":"2025-09-12T03:54:36","guid":{"rendered":"https:\/\/pontocomletra.nossopapel.org.br\/?p=1147"},"modified":"2025-09-12T00:54:37","modified_gmt":"2025-09-12T03:54:37","slug":"revista-literaria-plural-n10","status":"publish","type":"post","link":"https:\/\/pontocomletra.nossopapel.org.br\/?p=1147","title":{"rendered":"REVISTA LITER\u00c1RIA PLURAL N\u00b010"},"content":{"rendered":"\n<p>  <\/p>\n\n\n\n<p>Nesses 40 anos de literatura da OFICINA passamos por momentos inesquec\u00edveis. Respiramos! Aperfei\u00e7oamos nossos m\u00e9todos de trabalho e a valoriza\u00e7\u00e3o de nossos autores, nossa obra prima. Fizemos os mais diversos tipos de lan\u00e7amento, com recitais: em clubes, em bares, em bondes (a 1\u00b0 Revista Plural), em bibliotecas, pra\u00e7as p\u00fablicas, parque de divers\u00f5es, ringue de patina\u00e7\u00e3o, centros culturais, nos trens, metr\u00f4, vlt, barcos, diversos audit\u00f3rios e at\u00e9, mesmo, em passeatas. Montamos projetos de incentivo \u00e0 leitura, concursos liter\u00e1rios, festivais, feira de livros, m\u00eddias renovadas e nunca esquecendo nosso material b\u00e1sico: o livro. Uma vez mais em papel, cores, aromas, letras e imagens, presencialmente. Nessa edi\u00e7\u00e3o textos dos mais diferentes matizes: a j\u00e1 citada comemora\u00e7\u00e3o dos 40 anos da OFICINA Editores e 20 anos desta revista; a efem\u00e9ride Rio Capital Mundial do Livro, com a nossa participa\u00e7\u00e3o no Festival Ponto com Letra &#8211; Escritores em A\u00e7\u00e3o; o roteiro da poesia seguindo firme e forte nos 4 cantos do Rio de Janeiro, alcan\u00e7ando as redes sociais e m\u00eddias da internet. Nosso bate-papo de poetas \u00e9 com a fabulosa poeta alternativa (como ela se identifica) Juju Campbell, do nosso Conselheiro Editorial, desde sempre. Miniconto, conto, minicr\u00f4nica, cr\u00f4nica. Poemas que anunciam dissabores h\u00e1 d\u00e9cadas (em todos os lugares), mas rimam amores, encontros e desencontros. Par\u00f3dia, lenda, f\u00e1bula, haicai, trova, poesia visual. Cr\u00edtica e sinopses de livros que n\u00e3o se podem ignorar. E um pouco da nossa hist\u00f3ria em letras e imagens, fotos e eventos.<\/p>\n","protected":false},"excerpt":{"rendered":"<p>Nesses 40 anos de literatura da OFICINA passamos por momentos inesquec\u00edveis. Respiramos! Aperfei\u00e7oamos nossos m\u00e9todos de trabalho e a valoriza\u00e7\u00e3o<\/p>\n","protected":false},"author":2,"featured_media":1148,"comment_status":"open","ping_status":"open","sticky":false,"template":"","format":"standard","meta":{"colormag_page_layout":"default_layout","_editorskit_title_hidden":false,"_editorskit_reading_time":0,"_editorskit_is_block_options_detached":false,"_editorskit_block_options_position":"{}","footnotes":""},"categories":[1],"tags":[],"class_list":["post-1147","post","type-post","status-publish","format-standard","has-post-thumbnail","hentry","category-sem-categoria"],"_links":{"self":[{"href":"https:\/\/pontocomletra.nossopapel.org.br\/index.php?rest_route=\/wp\/v2\/posts\/1147","targetHints":{"allow":["GET"]}}],"collection":[{"href":"https:\/\/pontocomletra.nossopapel.org.br\/index.php?rest_route=\/wp\/v2\/posts"}],"about":[{"href":"https:\/\/pontocomletra.nossopapel.org.br\/index.php?rest_route=\/wp\/v2\/types\/post"}],"author":[{"embeddable":true,"href":"https:\/\/pontocomletra.nossopapel.org.br\/index.php?rest_route=\/wp\/v2\/users\/2"}],"replies":[{"embeddable":true,"href":"https:\/\/pontocomletra.nossopapel.org.br\/index.php?rest_route=%2Fwp%2Fv2%2Fcomments&post=1147"}],"version-history":[{"count":1,"href":"https:\/\/pontocomletra.nossopapel.org.br\/index.php?rest_route=\/wp\/v2\/posts\/1147\/revisions"}],"predecessor-version":[{"id":1149,"href":"https:\/\/pontocomletra.nossopapel.org.br\/index.php?rest_route=\/wp\/v2\/posts\/1147\/revisions\/1149"}],"wp:featuredmedia":[{"embeddable":true,"href":"https:\/\/pontocomletra.nossopapel.org.br\/index.php?rest_route=\/wp\/v2\/media\/1148"}],"wp:attachment":[{"href":"https:\/\/pontocomletra.nossopapel.org.br\/index.php?rest_route=%2Fwp%2Fv2%2Fmedia&parent=1147"}],"wp:term":[{"taxonomy":"category","embeddable":true,"href":"https:\/\/pontocomletra.nossopapel.org.br\/index.php?rest_route=%2Fwp%2Fv2%2Fcategories&post=1147"},{"taxonomy":"post_tag","embeddable":true,"href":"https:\/\/pontocomletra.nossopapel.org.br\/index.php?rest_route=%2Fwp%2Fv2%2Ftags&post=1147"}],"curies":[{"name":"wp","href":"https:\/\/api.w.org\/{rel}","templated":true}]}}