{"id":1126,"date":"2025-09-10T08:12:32","date_gmt":"2025-09-10T11:12:32","guid":{"rendered":"https:\/\/pontocomletra.nossopapel.org.br\/?p=1126"},"modified":"2025-09-10T08:24:31","modified_gmt":"2025-09-10T11:24:31","slug":"a-eternidade-dos-dias-luiz-otavio-oliani","status":"publish","type":"post","link":"https:\/\/pontocomletra.nossopapel.org.br\/?p=1126","title":{"rendered":"A ETERNIDADE DOS DIAS &#8211; Luiz Ot\u00e1vio Oliani"},"content":{"rendered":"\n<p>Com A eternidade dos dias, Luiz Ot\u00e1vio Oliani compara o processo de escritura \u00e0 pr\u00f3pria exist\u00eancia se fazendo eterna. No poema que fecha o livro, o autor nos conduz ao vazio que o eterno nos mostra, n\u00e3o podendo, portanto, ser medido pela l\u00f3gica racional. A \u201ceterna imagina\u00e7\u00e3o\u201d das palavras nos leva \u00e0 for\u00e7a do imagin\u00e1rio que \u00e9 eterno como uma \u201corquestra\u201d, elevando-nos pelo ritmo e pela m\u00fasica. Seus versos secos, como descreve sua poesia, \u201cn\u00e3o deixa rastros\u201d, pois n\u00e3o tem enfeites ou coloridos artificiais. O poeta, qual \u201coper\u00e1rio\u201d faz seus versos com precis\u00e3o, construindo o espa\u00e7o da liberdade a partir de \u201cpalavras rebeldes\u201d que n\u00e3o se deixam conter pelo excesso. A linguagem \u00e9 de conten\u00e7\u00e3o e n\u00e3o de excesso, mas o seu contido se afoga no abismo, no eterno e no vazio do sem-limite da express\u00e3o po\u00e9tica. Sem \u201cl\u00e1grimas\u201d e sem \u201c\u00e1guas\u201d que \u201clavam o poeta\u201d seu estilo seco e contido \u00e9 de uma riqueza extraordin\u00e1ria. Em Epit\u00e1fio, \u201co verbo contido\u201d traduz o m\u00e1ximo a partir do m\u00ednimo que a experi\u00eancia da morte expressa, pois a conten\u00e7\u00e3o \u00e9 sua reserva de poetar.  O espa\u00e7o do sagrado tamb\u00e9m se faz presente, alimentando como h\u00f3stia seus seguidores: \u201co poema tamb\u00e9m alimenta\u201d. Neste livro, o dom\u00ednio da escritura ultrapassa a pr\u00f3pria dimens\u00e3o do sagrado, pois \u201co poeta escreve\u201d enquanto \u201cDeus se cansa de acariciar o vento\u201d. Portanto, sua poesia, ao mesmo tempo livre e contida, cria um paradoxo rico que vai deixar marcas para as gera\u00e7\u00f5es futuras. Alexandra Vieira de AlmeidaDoutora em Literatura Comparada (UERJ)Orelha ao livro \u201cA eternidade dos dias\u201d,  Editora da Palavra, Rio de Janeiro.<\/p>\n","protected":false},"excerpt":{"rendered":"<p>Com A eternidade dos dias, Luiz Ot\u00e1vio Oliani compara o processo de escritura \u00e0 pr\u00f3pria exist\u00eancia se fazendo eterna. No<\/p>\n","protected":false},"author":2,"featured_media":1127,"comment_status":"open","ping_status":"open","sticky":false,"template":"","format":"standard","meta":{"colormag_page_layout":"default_layout","_editorskit_title_hidden":false,"_editorskit_reading_time":0,"_editorskit_is_block_options_detached":false,"_editorskit_block_options_position":"{}","footnotes":""},"categories":[1],"tags":[],"class_list":["post-1126","post","type-post","status-publish","format-standard","has-post-thumbnail","hentry","category-sem-categoria"],"_links":{"self":[{"href":"https:\/\/pontocomletra.nossopapel.org.br\/index.php?rest_route=\/wp\/v2\/posts\/1126","targetHints":{"allow":["GET"]}}],"collection":[{"href":"https:\/\/pontocomletra.nossopapel.org.br\/index.php?rest_route=\/wp\/v2\/posts"}],"about":[{"href":"https:\/\/pontocomletra.nossopapel.org.br\/index.php?rest_route=\/wp\/v2\/types\/post"}],"author":[{"embeddable":true,"href":"https:\/\/pontocomletra.nossopapel.org.br\/index.php?rest_route=\/wp\/v2\/users\/2"}],"replies":[{"embeddable":true,"href":"https:\/\/pontocomletra.nossopapel.org.br\/index.php?rest_route=%2Fwp%2Fv2%2Fcomments&post=1126"}],"version-history":[{"count":1,"href":"https:\/\/pontocomletra.nossopapel.org.br\/index.php?rest_route=\/wp\/v2\/posts\/1126\/revisions"}],"predecessor-version":[{"id":1128,"href":"https:\/\/pontocomletra.nossopapel.org.br\/index.php?rest_route=\/wp\/v2\/posts\/1126\/revisions\/1128"}],"wp:featuredmedia":[{"embeddable":true,"href":"https:\/\/pontocomletra.nossopapel.org.br\/index.php?rest_route=\/wp\/v2\/media\/1127"}],"wp:attachment":[{"href":"https:\/\/pontocomletra.nossopapel.org.br\/index.php?rest_route=%2Fwp%2Fv2%2Fmedia&parent=1126"}],"wp:term":[{"taxonomy":"category","embeddable":true,"href":"https:\/\/pontocomletra.nossopapel.org.br\/index.php?rest_route=%2Fwp%2Fv2%2Fcategories&post=1126"},{"taxonomy":"post_tag","embeddable":true,"href":"https:\/\/pontocomletra.nossopapel.org.br\/index.php?rest_route=%2Fwp%2Fv2%2Ftags&post=1126"}],"curies":[{"name":"wp","href":"https:\/\/api.w.org\/{rel}","templated":true}]}}