{"id":1116,"date":"2025-09-10T08:08:06","date_gmt":"2025-09-10T11:08:06","guid":{"rendered":"https:\/\/pontocomletra.nossopapel.org.br\/?p=1116"},"modified":"2025-09-10T08:08:07","modified_gmt":"2025-09-10T11:08:07","slug":"projeto-voluntarios-da-poesia","status":"publish","type":"post","link":"https:\/\/pontocomletra.nossopapel.org.br\/?p=1116","title":{"rendered":"Projeto Volunt\u00e1rios da Poesia"},"content":{"rendered":"\n<p>Criado em 2018 por Ana Paula Soeiro e Jorge Cosendey (coordenadores), o Projeto Volunt\u00e1rios da Poesia tem como principal prop\u00f3sito compartilhar conhecimentos, despertar emo\u00e7\u00f5es e criar momentos de bem-estar e conex\u00e3o humana.Nossa miss\u00e3o \u00e9 estimular a participa\u00e7\u00e3o, promover a intera\u00e7\u00e3o e proporcionar experi\u00eancias diferenciadas \u00e0s pessoas em nossos espa\u00e7os de atua\u00e7\u00e3o \u2014 que incluem hospitais, institui\u00e7\u00f5es terap\u00eauticas e de sa\u00fade, abrigos, casas de acolhimento, ILPIs (Institui\u00e7\u00f5es de Longa Perman\u00eancia para Idosos), institui\u00e7\u00f5es penais e socioeducativas, escolas, pra\u00e7as e outros ambientes.A metodologia do projeto combina recitais po\u00e9ticos e musicais, conta\u00e7\u00e3o de hist\u00f3rias, narrativas pessoais, humor e, para o p\u00fablico infantil, atividades l\u00fadicas que despertam a imagina\u00e7\u00e3o e o encantamento. Dessa forma, buscamos motivar, acolher e transformar cada encontro em uma experi\u00eancia de afeto, arte e humanidade.<\/p>\n\n\n\n<figure class=\"wp-block-image size-large\"><img loading=\"lazy\" decoding=\"async\" width=\"835\" height=\"1024\" src=\"https:\/\/pontocomletra.nossopapel.org.br\/wp-content\/uploads\/2025\/09\/IMG-20250910-WA0003-835x1024.jpg\" alt=\"\" class=\"wp-image-1117\" srcset=\"https:\/\/pontocomletra.nossopapel.org.br\/wp-content\/uploads\/2025\/09\/IMG-20250910-WA0003-835x1024.jpg 835w, https:\/\/pontocomletra.nossopapel.org.br\/wp-content\/uploads\/2025\/09\/IMG-20250910-WA0003-245x300.jpg 245w, https:\/\/pontocomletra.nossopapel.org.br\/wp-content\/uploads\/2025\/09\/IMG-20250910-WA0003-768x941.jpg 768w, https:\/\/pontocomletra.nossopapel.org.br\/wp-content\/uploads\/2025\/09\/IMG-20250910-WA0003.jpg 1174w\" sizes=\"auto, (max-width: 835px) 100vw, 835px\" \/><\/figure>\n\n\n\n<p><\/p>\n\n\n\n<figure class=\"wp-block-image size-large\"><img loading=\"lazy\" decoding=\"async\" width=\"721\" height=\"1024\" src=\"https:\/\/pontocomletra.nossopapel.org.br\/wp-content\/uploads\/2025\/09\/IMG-20250910-WA0001-721x1024.jpg\" alt=\"\" class=\"wp-image-1118\" srcset=\"https:\/\/pontocomletra.nossopapel.org.br\/wp-content\/uploads\/2025\/09\/IMG-20250910-WA0001-721x1024.jpg 721w, https:\/\/pontocomletra.nossopapel.org.br\/wp-content\/uploads\/2025\/09\/IMG-20250910-WA0001-211x300.jpg 211w, https:\/\/pontocomletra.nossopapel.org.br\/wp-content\/uploads\/2025\/09\/IMG-20250910-WA0001-768x1090.jpg 768w, https:\/\/pontocomletra.nossopapel.org.br\/wp-content\/uploads\/2025\/09\/IMG-20250910-WA0001-1082x1536.jpg 1082w, https:\/\/pontocomletra.nossopapel.org.br\/wp-content\/uploads\/2025\/09\/IMG-20250910-WA0001.jpg 1127w\" sizes=\"auto, (max-width: 721px) 100vw, 721px\" \/><\/figure>\n\n\n\n<p><\/p>\n\n\n\n<figure class=\"wp-block-image size-large\"><img loading=\"lazy\" decoding=\"async\" width=\"771\" height=\"1024\" src=\"https:\/\/pontocomletra.nossopapel.org.br\/wp-content\/uploads\/2025\/09\/IMG-20250910-WA0002-771x1024.jpg\" alt=\"\" class=\"wp-image-1119\" srcset=\"https:\/\/pontocomletra.nossopapel.org.br\/wp-content\/uploads\/2025\/09\/IMG-20250910-WA0002-771x1024.jpg 771w, https:\/\/pontocomletra.nossopapel.org.br\/wp-content\/uploads\/2025\/09\/IMG-20250910-WA0002-226x300.jpg 226w, https:\/\/pontocomletra.nossopapel.org.br\/wp-content\/uploads\/2025\/09\/IMG-20250910-WA0002-768x1021.jpg 768w, https:\/\/pontocomletra.nossopapel.org.br\/wp-content\/uploads\/2025\/09\/IMG-20250910-WA0002-1156x1536.jpg 1156w, https:\/\/pontocomletra.nossopapel.org.br\/wp-content\/uploads\/2025\/09\/IMG-20250910-WA0002.jpg 1204w\" sizes=\"auto, (max-width: 771px) 100vw, 771px\" \/><\/figure>\n","protected":false},"excerpt":{"rendered":"<p>Criado em 2018 por Ana Paula Soeiro e Jorge Cosendey (coordenadores), o Projeto Volunt\u00e1rios da Poesia tem como principal prop\u00f3sito<\/p>\n","protected":false},"author":2,"featured_media":1120,"comment_status":"open","ping_status":"open","sticky":false,"template":"","format":"standard","meta":{"colormag_page_layout":"default_layout","_editorskit_title_hidden":false,"_editorskit_reading_time":0,"_editorskit_is_block_options_detached":false,"_editorskit_block_options_position":"{}","footnotes":""},"categories":[1],"tags":[],"class_list":["post-1116","post","type-post","status-publish","format-standard","has-post-thumbnail","hentry","category-sem-categoria"],"_links":{"self":[{"href":"https:\/\/pontocomletra.nossopapel.org.br\/index.php?rest_route=\/wp\/v2\/posts\/1116","targetHints":{"allow":["GET"]}}],"collection":[{"href":"https:\/\/pontocomletra.nossopapel.org.br\/index.php?rest_route=\/wp\/v2\/posts"}],"about":[{"href":"https:\/\/pontocomletra.nossopapel.org.br\/index.php?rest_route=\/wp\/v2\/types\/post"}],"author":[{"embeddable":true,"href":"https:\/\/pontocomletra.nossopapel.org.br\/index.php?rest_route=\/wp\/v2\/users\/2"}],"replies":[{"embeddable":true,"href":"https:\/\/pontocomletra.nossopapel.org.br\/index.php?rest_route=%2Fwp%2Fv2%2Fcomments&post=1116"}],"version-history":[{"count":1,"href":"https:\/\/pontocomletra.nossopapel.org.br\/index.php?rest_route=\/wp\/v2\/posts\/1116\/revisions"}],"predecessor-version":[{"id":1121,"href":"https:\/\/pontocomletra.nossopapel.org.br\/index.php?rest_route=\/wp\/v2\/posts\/1116\/revisions\/1121"}],"wp:featuredmedia":[{"embeddable":true,"href":"https:\/\/pontocomletra.nossopapel.org.br\/index.php?rest_route=\/wp\/v2\/media\/1120"}],"wp:attachment":[{"href":"https:\/\/pontocomletra.nossopapel.org.br\/index.php?rest_route=%2Fwp%2Fv2%2Fmedia&parent=1116"}],"wp:term":[{"taxonomy":"category","embeddable":true,"href":"https:\/\/pontocomletra.nossopapel.org.br\/index.php?rest_route=%2Fwp%2Fv2%2Fcategories&post=1116"},{"taxonomy":"post_tag","embeddable":true,"href":"https:\/\/pontocomletra.nossopapel.org.br\/index.php?rest_route=%2Fwp%2Fv2%2Ftags&post=1116"}],"curies":[{"name":"wp","href":"https:\/\/api.w.org\/{rel}","templated":true}]}}