{"id":1099,"date":"2025-08-25T10:21:37","date_gmt":"2025-08-25T13:21:37","guid":{"rendered":"https:\/\/pontocomletra.nossopapel.org.br\/?p=1099"},"modified":"2025-08-25T10:25:10","modified_gmt":"2025-08-25T13:25:10","slug":"medicos-escritores-entrevista-com-a-dra-jucara-valverde","status":"publish","type":"post","link":"https:\/\/pontocomletra.nossopapel.org.br\/?p=1099","title":{"rendered":"M\u00c9DICOS ESCRITORES &#8211; Entrevista com a Dra. Ju\u00e7ara Valverde"},"content":{"rendered":"\n<p>O Festival Ponto com Letra dedica uma s\u00e9rie de entrevistas com m\u00e9dicos escritores da ABRAMES &#8211; Academia Brasileira de M\u00e9dicos Escritores. O estudante de medicina e cirurgia da UniRio, Marco Duarte, entrevista a artista pl\u00e1stica, poeta, m\u00e9dica, escritora e vice-presidente da ABRAMES, Dra Ju\u00e7ara Valverde.<\/p>\n\n\n\n<iframe loading=\"lazy\" width=\"560\" height=\"315\" src=\"https:\/\/www.youtube.com\/embed\/mVaLQz7fVC4?si=h5RqK6HqsPXPEhY3\" title=\"YouTube video player\" frameborder=\"0\" allow=\"accelerometer; autoplay; clipboard-write; encrypted-media; gyroscope; picture-in-picture; web-share\" referrerpolicy=\"strict-origin-when-cross-origin\" allowfullscreen><\/iframe>\n","protected":false},"excerpt":{"rendered":"<p>O Festival Ponto com Letra dedica uma s\u00e9rie de entrevistas com m\u00e9dicos escritores da ABRAMES &#8211; Academia Brasileira de M\u00e9dicos<\/p>\n","protected":false},"author":2,"featured_media":1096,"comment_status":"open","ping_status":"open","sticky":false,"template":"","format":"standard","meta":{"colormag_page_layout":"default_layout","_editorskit_title_hidden":false,"_editorskit_reading_time":0,"_editorskit_is_block_options_detached":false,"_editorskit_block_options_position":"{}","footnotes":""},"categories":[1],"tags":[],"class_list":["post-1099","post","type-post","status-publish","format-standard","has-post-thumbnail","hentry","category-sem-categoria"],"_links":{"self":[{"href":"https:\/\/pontocomletra.nossopapel.org.br\/index.php?rest_route=\/wp\/v2\/posts\/1099","targetHints":{"allow":["GET"]}}],"collection":[{"href":"https:\/\/pontocomletra.nossopapel.org.br\/index.php?rest_route=\/wp\/v2\/posts"}],"about":[{"href":"https:\/\/pontocomletra.nossopapel.org.br\/index.php?rest_route=\/wp\/v2\/types\/post"}],"author":[{"embeddable":true,"href":"https:\/\/pontocomletra.nossopapel.org.br\/index.php?rest_route=\/wp\/v2\/users\/2"}],"replies":[{"embeddable":true,"href":"https:\/\/pontocomletra.nossopapel.org.br\/index.php?rest_route=%2Fwp%2Fv2%2Fcomments&post=1099"}],"version-history":[{"count":2,"href":"https:\/\/pontocomletra.nossopapel.org.br\/index.php?rest_route=\/wp\/v2\/posts\/1099\/revisions"}],"predecessor-version":[{"id":1102,"href":"https:\/\/pontocomletra.nossopapel.org.br\/index.php?rest_route=\/wp\/v2\/posts\/1099\/revisions\/1102"}],"wp:featuredmedia":[{"embeddable":true,"href":"https:\/\/pontocomletra.nossopapel.org.br\/index.php?rest_route=\/wp\/v2\/media\/1096"}],"wp:attachment":[{"href":"https:\/\/pontocomletra.nossopapel.org.br\/index.php?rest_route=%2Fwp%2Fv2%2Fmedia&parent=1099"}],"wp:term":[{"taxonomy":"category","embeddable":true,"href":"https:\/\/pontocomletra.nossopapel.org.br\/index.php?rest_route=%2Fwp%2Fv2%2Fcategories&post=1099"},{"taxonomy":"post_tag","embeddable":true,"href":"https:\/\/pontocomletra.nossopapel.org.br\/index.php?rest_route=%2Fwp%2Fv2%2Ftags&post=1099"}],"curies":[{"name":"wp","href":"https:\/\/api.w.org\/{rel}","templated":true}]}}