{"id":1092,"date":"2025-08-24T14:25:03","date_gmt":"2025-08-24T17:25:03","guid":{"rendered":"https:\/\/pontocomletra.nossopapel.org.br\/?p=1092"},"modified":"2025-08-24T14:25:04","modified_gmt":"2025-08-24T17:25:04","slug":"lila-em-mocambique-andreia-prestes","status":"publish","type":"post","link":"https:\/\/pontocomletra.nossopapel.org.br\/?p=1092","title":{"rendered":"LILA EM MO\u00c7AMBIQUE &#8211; Andreia Prestes"},"content":{"rendered":"\n<p>Andreia Prestes nasceu em Moscou, na antiga Uni\u00e3o Sovi\u00e9tica, durante o ex\u00edlio de seus pais, no per\u00edodo da Ditadura Militar no Brasil. Com um ano de idade, Andreia e sua fam\u00edlia se mudaram para Maputo, capital de Mo\u00e7ambique, onde viveu at\u00e9 completar nove anos. Neste per\u00edodo, toda a fam\u00edlia retornou para o Brasil. Andreia \u00e9 mestre em hist\u00f3ria pela UFRJ. A autora tamb\u00e9m integra o Sarau Po\u00e9tico de Manguinhos, no Rio de Janeiro, espa\u00e7o voltado para poesia e literatura na capital carioca.<\/p>\n","protected":false},"excerpt":{"rendered":"<p>Andreia Prestes nasceu em Moscou, na antiga Uni\u00e3o Sovi\u00e9tica, durante o ex\u00edlio de seus pais, no per\u00edodo da Ditadura Militar<\/p>\n","protected":false},"author":2,"featured_media":1093,"comment_status":"open","ping_status":"open","sticky":false,"template":"","format":"standard","meta":{"colormag_page_layout":"default_layout","_editorskit_title_hidden":false,"_editorskit_reading_time":0,"_editorskit_is_block_options_detached":false,"_editorskit_block_options_position":"{}","footnotes":""},"categories":[1],"tags":[],"class_list":["post-1092","post","type-post","status-publish","format-standard","has-post-thumbnail","hentry","category-sem-categoria"],"_links":{"self":[{"href":"https:\/\/pontocomletra.nossopapel.org.br\/index.php?rest_route=\/wp\/v2\/posts\/1092","targetHints":{"allow":["GET"]}}],"collection":[{"href":"https:\/\/pontocomletra.nossopapel.org.br\/index.php?rest_route=\/wp\/v2\/posts"}],"about":[{"href":"https:\/\/pontocomletra.nossopapel.org.br\/index.php?rest_route=\/wp\/v2\/types\/post"}],"author":[{"embeddable":true,"href":"https:\/\/pontocomletra.nossopapel.org.br\/index.php?rest_route=\/wp\/v2\/users\/2"}],"replies":[{"embeddable":true,"href":"https:\/\/pontocomletra.nossopapel.org.br\/index.php?rest_route=%2Fwp%2Fv2%2Fcomments&post=1092"}],"version-history":[{"count":1,"href":"https:\/\/pontocomletra.nossopapel.org.br\/index.php?rest_route=\/wp\/v2\/posts\/1092\/revisions"}],"predecessor-version":[{"id":1094,"href":"https:\/\/pontocomletra.nossopapel.org.br\/index.php?rest_route=\/wp\/v2\/posts\/1092\/revisions\/1094"}],"wp:featuredmedia":[{"embeddable":true,"href":"https:\/\/pontocomletra.nossopapel.org.br\/index.php?rest_route=\/wp\/v2\/media\/1093"}],"wp:attachment":[{"href":"https:\/\/pontocomletra.nossopapel.org.br\/index.php?rest_route=%2Fwp%2Fv2%2Fmedia&parent=1092"}],"wp:term":[{"taxonomy":"category","embeddable":true,"href":"https:\/\/pontocomletra.nossopapel.org.br\/index.php?rest_route=%2Fwp%2Fv2%2Fcategories&post=1092"},{"taxonomy":"post_tag","embeddable":true,"href":"https:\/\/pontocomletra.nossopapel.org.br\/index.php?rest_route=%2Fwp%2Fv2%2Ftags&post=1092"}],"curies":[{"name":"wp","href":"https:\/\/api.w.org\/{rel}","templated":true}]}}