{"id":1089,"date":"2025-08-24T14:21:39","date_gmt":"2025-08-24T17:21:39","guid":{"rendered":"https:\/\/pontocomletra.nossopapel.org.br\/?p=1089"},"modified":"2025-08-24T14:21:40","modified_gmt":"2025-08-24T17:21:40","slug":"canavial-joilson-pinheiro","status":"publish","type":"post","link":"https:\/\/pontocomletra.nossopapel.org.br\/?p=1089","title":{"rendered":"CANAVIAL &#8211; Joilson Pinheiro"},"content":{"rendered":"\n<p>Hist\u00f3rico Joilson Pinheiro<\/p>\n\n\n\n<p>  Mora no Rio de Janeiro desde 1999, ano que come\u00e7ou a trabalhar em r\u00e1dios e TVs Comunit\u00e1rias, em 2005 lan\u00e7a o primeiro livro de poesia, em sequ\u00eancia lan\u00e7a em 2008, 2010 e 2012. Naquele ano leva o Sarau Letras da Favela para a Biblioteca Parque da Rocinha, em 2016 cria o Sarau Beco Poema e nesses eventos multi culturais come\u00e7a a produzir suas m\u00fasicas. \u00c9 R\u00e9veillon foi composta em 2010 e gravada no ano seguinte, s\u00f3 em 2019 Joilson Pinheiro volta a produ\u00e7\u00e3o musical com a cantora Lu Foga\u00e7a e agora em 2020 faz parceria com o jovem produtor Pedro Scherr. Gravam juntos \u00c9 R\u00e9veillon com o grupo Ascendente Koringa e tr\u00eas convidados. Para 2021 j\u00e1 existe um projeto para regrava\u00e7\u00e3o da m\u00fasica e outro onde pretende revelar novos talentos das favelas e periferias cariocas.<\/p>\n","protected":false},"excerpt":{"rendered":"<p>Hist\u00f3rico Joilson Pinheiro Mora no Rio de Janeiro desde 1999, ano que come\u00e7ou a trabalhar em r\u00e1dios e TVs Comunit\u00e1rias,<\/p>\n","protected":false},"author":2,"featured_media":1090,"comment_status":"open","ping_status":"open","sticky":false,"template":"","format":"standard","meta":{"colormag_page_layout":"default_layout","_editorskit_title_hidden":false,"_editorskit_reading_time":0,"_editorskit_is_block_options_detached":false,"_editorskit_block_options_position":"{}","footnotes":""},"categories":[1],"tags":[],"class_list":["post-1089","post","type-post","status-publish","format-standard","has-post-thumbnail","hentry","category-sem-categoria"],"_links":{"self":[{"href":"https:\/\/pontocomletra.nossopapel.org.br\/index.php?rest_route=\/wp\/v2\/posts\/1089","targetHints":{"allow":["GET"]}}],"collection":[{"href":"https:\/\/pontocomletra.nossopapel.org.br\/index.php?rest_route=\/wp\/v2\/posts"}],"about":[{"href":"https:\/\/pontocomletra.nossopapel.org.br\/index.php?rest_route=\/wp\/v2\/types\/post"}],"author":[{"embeddable":true,"href":"https:\/\/pontocomletra.nossopapel.org.br\/index.php?rest_route=\/wp\/v2\/users\/2"}],"replies":[{"embeddable":true,"href":"https:\/\/pontocomletra.nossopapel.org.br\/index.php?rest_route=%2Fwp%2Fv2%2Fcomments&post=1089"}],"version-history":[{"count":1,"href":"https:\/\/pontocomletra.nossopapel.org.br\/index.php?rest_route=\/wp\/v2\/posts\/1089\/revisions"}],"predecessor-version":[{"id":1091,"href":"https:\/\/pontocomletra.nossopapel.org.br\/index.php?rest_route=\/wp\/v2\/posts\/1089\/revisions\/1091"}],"wp:featuredmedia":[{"embeddable":true,"href":"https:\/\/pontocomletra.nossopapel.org.br\/index.php?rest_route=\/wp\/v2\/media\/1090"}],"wp:attachment":[{"href":"https:\/\/pontocomletra.nossopapel.org.br\/index.php?rest_route=%2Fwp%2Fv2%2Fmedia&parent=1089"}],"wp:term":[{"taxonomy":"category","embeddable":true,"href":"https:\/\/pontocomletra.nossopapel.org.br\/index.php?rest_route=%2Fwp%2Fv2%2Fcategories&post=1089"},{"taxonomy":"post_tag","embeddable":true,"href":"https:\/\/pontocomletra.nossopapel.org.br\/index.php?rest_route=%2Fwp%2Fv2%2Ftags&post=1089"}],"curies":[{"name":"wp","href":"https:\/\/api.w.org\/{rel}","templated":true}]}}